{"id":9369,"date":"2025-12-15T14:41:42","date_gmt":"2025-12-15T14:41:42","guid":{"rendered":"https:\/\/voyageslointains.fr\/?p=9369"},"modified":"2026-04-30T15:01:57","modified_gmt":"2026-04-30T15:01:57","slug":"francfort-mayence-wiesbaden","status":"publish","type":"post","link":"https:\/\/voyageslointains.fr\/?p=9369","title":{"rendered":"Francfort, Mayence, Wiesbaden"},"content":{"rendered":"\n<h1 class=\"wp-block-heading\">Mon escapade hivernale \u00e0 Francfort, Mayence et Wiesbaden : la magie des march\u00e9s de No\u00ebl<\/h1>\n\n\n\n<figure class=\"wp-block-image aligncenter size-large is-resized\"><img fetchpriority=\"high\" decoding=\"async\" width=\"1024\" height=\"683\" src=\"https:\/\/voyageslointains.fr\/wp-content\/uploads\/2025\/12\/Marche-de-noel-Francfort-1024x683.png\" alt=\"\" class=\"wp-image-9431\" style=\"aspect-ratio:4\/3;object-fit:contain;width:600px\" srcset=\"https:\/\/voyageslointains.fr\/wp-content\/uploads\/2025\/12\/Marche-de-noel-Francfort-1024x683.png 1024w, https:\/\/voyageslointains.fr\/wp-content\/uploads\/2025\/12\/Marche-de-noel-Francfort-300x200.png 300w, https:\/\/voyageslointains.fr\/wp-content\/uploads\/2025\/12\/Marche-de-noel-Francfort-768x512.png 768w, https:\/\/voyageslointains.fr\/wp-content\/uploads\/2025\/12\/Marche-de-noel-Francfort.png 1536w\" sizes=\"(max-width: 1024px) 100vw, 1024px\" \/><\/figure>\n\n\n\n<h2 class=\"wp-block-heading has-ast-global-color-0-color has-text-color has-link-color wp-elements-91848454155120c64e5e17a26557c4c2\">D\u00e9cembre 2025<\/h2>\n\n\n\n<p class=\"has-text-align-center\">Francfort est une grande ville d\u2019Allemagne que j\u2019ai rapidement parcourue lors de voyages professionnels. Nous d\u00e9cidons donc d\u2019aller l\u2019explorer pendant la p\u00e9riode des march\u00e9s de No\u00ebl, qui lui donne un charme tout particulier. Non loin se trouvent aussi d\u2019autres villes \u00e0 d\u00e9couvrir \u00e0 cette \u00e9poque de l\u2019ann\u00e9e.<\/p>\n\n\n\n<figure class=\"wp-block-image aligncenter size-large is-resized\"><img decoding=\"async\" width=\"1024\" height=\"1024\" src=\"https:\/\/voyageslointains.fr\/wp-content\/uploads\/2025\/12\/Carte-Marche-de-noel-Francfort-1024x1024.png\" alt=\"\" class=\"wp-image-9432\" style=\"width:500px\" srcset=\"https:\/\/voyageslointains.fr\/wp-content\/uploads\/2025\/12\/Carte-Marche-de-noel-Francfort-1024x1024.png 1024w, https:\/\/voyageslointains.fr\/wp-content\/uploads\/2025\/12\/Carte-Marche-de-noel-Francfort-300x300.png 300w, https:\/\/voyageslointains.fr\/wp-content\/uploads\/2025\/12\/Carte-Marche-de-noel-Francfort-150x150.png 150w, https:\/\/voyageslointains.fr\/wp-content\/uploads\/2025\/12\/Carte-Marche-de-noel-Francfort-768x768.png 768w, https:\/\/voyageslointains.fr\/wp-content\/uploads\/2025\/12\/Carte-Marche-de-noel-Francfort.png 1500w\" sizes=\"(max-width: 1024px) 100vw, 1024px\" \/><\/figure>\n\n\n\n<p class=\"has-text-align-center\">Francfort est une grande ville moderne qui poss\u00e8de une vieille ville ainsi qu\u2019un quartier d\u2019affaires. \u00c0 quelques jours de No\u00ebl, la foule remplit les rues et les march\u00e9s. Apr\u00e8s avoir d\u00e9pos\u00e9 nos bagages \u00e0 notre h\u00f4tel, nous prenons la direction du centre-ville. Les march\u00e9s de No\u00ebl se succ\u00e8dent et, \u00e0 cette heure matinale, il est facile d\u2019admirer les diff\u00e9rents stands encore calmes.<\/p>\n\n\n\n<p class=\"has-text-align-center\">Apr\u00e8s une pause chez Dunkin\u2019 Donuts pour un deuxi\u00e8me petit-d\u00e9jeuner \ud83d\ude05, nous d\u00e9cidons de commencer notre journ\u00e9e par un peu de shopping dans l\u2019art\u00e8re commer\u00e7ante Zeil, o\u00f9 se trouve aussi le fameux centre commercial du m\u00eame nom. Il a \u00e9t\u00e9 joliment d\u00e9cor\u00e9 pour les f\u00eates. C\u2019est un paradis du shopping avec une offre vari\u00e9e. M\u00eame si ce n\u2019\u00e9tait pas notre objectif premier, c\u2019est agr\u00e9able de prendre un peu de temps.<\/p>\n\n\n\n<p class=\"has-text-align-center\">Une fois sortis des boutiques et apr\u00e8s un arr\u00eat rapide \u00e0 l\u2019h\u00f4tel, nous retrouvons la foule qui commence \u00e0 s\u2019amasser devant les stands des march\u00e9s, lesquels s\u2019\u00e9tendent de l\u2019art\u00e8re commer\u00e7ante jusqu\u2019aux bords du Main. On peut ainsi passer par l\u2019\u00c9glise Saint-Paul, la place R\u00f6merberg, mais aussi par le quartier typique d\u2019Altstadt. La cath\u00e9drale, non loin, m\u00e9rite \u00e9galement une visite.<\/p>\n\n\n\n<p class=\"has-text-align-center\">L\u2019offre culinaire est vari\u00e9e, mais pas forc\u00e9ment la plus di\u00e9t\u00e9tique. Un pain aux champignons et une saucisse-frites feront l\u2019affaire ! Les bords du Main et le pont de fer pi\u00e9ton offrent un beau point de vue sur la skyline de Francfort, lui donnant des airs de grandes villes am\u00e9ricaines. Le soir, les tours illumin\u00e9es offrent un panorama magnifique, notamment depuis le bar du Main Terrasse, de l\u2019autre c\u00f4t\u00e9 du pont.<\/p>\n\n\n\n<p class=\"has-text-align-center\">La journ\u00e9e a \u00e9t\u00e9 longue et il est temps de se reposer un peu \u00e0 l\u2019h\u00f4tel avant un d\u00eener simple mais d\u00e9licieux de ramen, pr\u00e8s de la gare.<\/p>\n\n\n<div  id=\"jtg-9397\" class=\"modula modula-gallery modula-columns\" data-config=\"{&quot;tabletHeight&quot;:800,&quot;mobileHeight&quot;:800,&quot;desktopHeight&quot;:800,&quot;enableTwitter&quot;:false,&quot;enableWhatsapp&quot;:false,&quot;enableFacebook&quot;:false,&quot;enablePinterest&quot;:false,&quot;enableLinkedin&quot;:false,&quot;enableEmail&quot;:false,&quot;randomFactor&quot;:0.5,&quot;type&quot;:&quot;grid&quot;,&quot;columns&quot;:12,&quot;gutter&quot;:10,&quot;mobileGutter&quot;:10,&quot;tabletGutter&quot;:10,&quot;desktopGutter&quot;:10,&quot;enableResponsive&quot;:true,&quot;tabletColumns&quot;:3,&quot;mobileColumns&quot;:2,&quot;lazyLoad&quot;:0,&quot;lightboxOpts&quot;:{&quot;animated&quot;:true,&quot;Thumbs&quot;:{&quot;type&quot;:&quot;modern&quot;,&quot;showOnStart&quot;:false},&quot;Toolbar&quot;:{&quot;display&quot;:{&quot;right&quot;:[&quot;close&quot;]},&quot;enabled&quot;:true},&quot;Carousel&quot;:{&quot;Panzoom&quot;:{&quot;touch&quot;:true},&quot;infinite&quot;:false},&quot;keyboard&quot;:{&quot;Escape&quot;:&quot;close&quot;,&quot;Delete&quot;:&quot;close&quot;,&quot;Backspace&quot;:&quot;close&quot;,&quot;PageUp&quot;:false,&quot;PageDown&quot;:false,&quot;ArrowUp&quot;:false,&quot;ArrowDown&quot;:false,&quot;ArrowRight&quot;:false,&quot;ArrowLeft&quot;:false},&quot;touch&quot;:false,&quot;backdropClick&quot;:false,&quot;l10n&quot;:{&quot;CLOSE&quot;:&quot;Close&quot;,&quot;NEXT&quot;:&quot;Next&quot;,&quot;PREV&quot;:&quot;Previous&quot;,&quot;Error&quot;:&quot;The requested content cannot be loaded. Please try again later.&quot;,&quot;PLAY_START&quot;:&quot;Start slideshow&quot;,&quot;PLAY_STOP&quot;:&quot;Pause slideshow&quot;,&quot;FULL_SCREEN&quot;:&quot;Full screen&quot;,&quot;THUMBS&quot;:&quot;Thumbnails&quot;,&quot;DOWNLOAD&quot;:&quot;Download&quot;,&quot;SHARE&quot;:&quot;Share&quot;,&quot;ZOOM&quot;:&quot;Zoom&quot;,&quot;EMAIL&quot;:&quot;Here is the link to the image : %%image_link%% and this is the link to the gallery : %%gallery_link%%&quot;,&quot;MODAL&quot;:&quot;You can close this modal content with the ESC key&quot;,&quot;ERROR&quot;:&quot;Something Went Wrong, Please Try Again Later&quot;,&quot;IMAGE_ERROR&quot;:&quot;Image Not Found&quot;,&quot;ELEMENT_NOT_FOUND&quot;:&quot;HTML Element Not Found&quot;,&quot;AJAX_NOT_FOUND&quot;:&quot;Error Loading AJAX : Not Found&quot;,&quot;AJAX_FORBIDDEN&quot;:&quot;Error Loading AJAX : Forbidden&quot;,&quot;IFRAME_ERROR&quot;:&quot;Error Loading Page&quot;,&quot;TOGGLE_ZOOM&quot;:&quot;Toggle zoom level&quot;,&quot;TOGGLE_THUMBS&quot;:&quot;Toggle thumbnails&quot;,&quot;TOGGLE_SLIDESHOW&quot;:&quot;Toggle slideshow&quot;,&quot;TOGGLE_FULLSCREEN&quot;:&quot;Toggle full-screen mode&quot;},&quot;Images&quot;:{&quot;Panzoom&quot;:{&quot;maxScale&quot;:2}},&quot;mainClass&quot;:&quot;modula-fancybox-container modula-lightbox-jtg-9397&quot;,&quot;Html&quot;:{&quot;videoAutoplay&quot;:0,&quot;videoTpl&quot;:&quot;&lt;video class=\\&quot;fancybox__html5video\\&quot; controls muted playsinline controlsList controlsList=\\&quot;nodownload\\&quot; poster=\\&quot;{{poster}}\\&quot; src=\\&quot;{{src}}\\&quot; type=\\&quot;{{format}}\\&quot; &gt;  Sorry, your browser doesn&#039;t support embedded videos, &lt;a href=\\&quot;{{src}}\\&quot;&gt; download &lt;\\\/a&gt; and watch with your favorite video player! &lt;\\\/video&gt;&quot;}},&quot;inView&quot;:false,&quot;email_subject&quot;:&quot;Check out this awesome image !!&quot;,&quot;email_message&quot;:&quot;Here is the link to the image : %%image_link%% and this is the link to the gallery : %%gallery_link%%&quot;,&quot;grid_type&quot;:&quot;4&quot;,&quot;rowHeight&quot;:250,&quot;lastRow&quot;:&quot;justify&quot;,&quot;lightbox&quot;:&quot;fancybox&quot;}\">\n\n\t<div class=\"modula-grid-sizer\"> <\/div>\n\t<div  class=\"modula-items grid-gallery\">\n\t\t<div class=\"modula-item effect-pufrobo\" >\n\t<div class=\"modula-item-overlay\"><\/div>\n\n\t<div class=\"modula-item-content\">\n\n\t\t<a data-image-id=\"9398\" role=\"button\" data-elementor-open-lightbox=\"no\" tabindex=\"0\" rel=\"jtg-9397\" data-caption=\"\" aria-label=\"Open image in lightbox\" class=\"tile-inner modula-item-link\"><\/a><img decoding=\"async\" class=\"pic wp-image-9398\"  data-valign=\"middle\" data-halign=\"center\" alt=\"March\u00e9 de noel Francfort\" data-full=\"https:\/\/voyageslointains.fr\/wp-content\/uploads\/2026\/04\/Marche-de-noel-Francfort-1-1.jpg\" title=\"March\u00e9 de noel Francfort 1\" crop=\"\" width=\"1536\" height=\"2048\" src=\"https:\/\/voyageslointains.fr\/wp-content\/uploads\/2026\/04\/Marche-de-noel-Francfort-1-1.jpg\" data-src=\"https:\/\/voyageslointains.fr\/wp-content\/uploads\/2026\/04\/Marche-de-noel-Francfort-1-1.jpg\" data-caption=\"\" srcset=\"https:\/\/voyageslointains.fr\/wp-content\/uploads\/2026\/04\/Marche-de-noel-Francfort-1-1.jpg 1536w, https:\/\/voyageslointains.fr\/wp-content\/uploads\/2026\/04\/Marche-de-noel-Francfort-1-1-225x300.jpg 225w, https:\/\/voyageslointains.fr\/wp-content\/uploads\/2026\/04\/Marche-de-noel-Francfort-1-1-768x1024.jpg 768w, https:\/\/voyageslointains.fr\/wp-content\/uploads\/2026\/04\/Marche-de-noel-Francfort-1-1-1152x1536.jpg 1152w\" sizes=\"(max-width: 1536px) 100vw, 1536px\" \/>\n\t\t<div class=\"figc no-description\">\n\t\t\t<div class=\"figc-inner\">\n\t\t\t\t\t\t\t\t\t\t\t\t\t\t\t<\/div>\n\t\t<\/div>\n\n\t<\/div>\n\n<\/div><div class=\"modula-item effect-pufrobo\" >\n\t<div class=\"modula-item-overlay\"><\/div>\n\n\t<div class=\"modula-item-content\">\n\n\t\t<a data-image-id=\"9399\" role=\"button\" data-elementor-open-lightbox=\"no\" tabindex=\"0\" rel=\"jtg-9397\" data-caption=\"\" aria-label=\"Open image in lightbox\" class=\"tile-inner modula-item-link\"><\/a><img loading=\"lazy\" decoding=\"async\" class=\"pic wp-image-9399\"  data-valign=\"middle\" data-halign=\"center\" alt=\"March\u00e9 de noel Francfort\" data-full=\"https:\/\/voyageslointains.fr\/wp-content\/uploads\/2026\/04\/Marche-de-noel-Francfort-2-1.jpg\" title=\"March\u00e9 de noel Francfort 2\" crop=\"\" width=\"1536\" height=\"2048\" src=\"https:\/\/voyageslointains.fr\/wp-content\/uploads\/2026\/04\/Marche-de-noel-Francfort-2-1.jpg\" data-src=\"https:\/\/voyageslointains.fr\/wp-content\/uploads\/2026\/04\/Marche-de-noel-Francfort-2-1.jpg\" data-caption=\"\" srcset=\"https:\/\/voyageslointains.fr\/wp-content\/uploads\/2026\/04\/Marche-de-noel-Francfort-2-1.jpg 1536w, https:\/\/voyageslointains.fr\/wp-content\/uploads\/2026\/04\/Marche-de-noel-Francfort-2-1-225x300.jpg 225w, https:\/\/voyageslointains.fr\/wp-content\/uploads\/2026\/04\/Marche-de-noel-Francfort-2-1-768x1024.jpg 768w, https:\/\/voyageslointains.fr\/wp-content\/uploads\/2026\/04\/Marche-de-noel-Francfort-2-1-1152x1536.jpg 1152w\" sizes=\"(max-width: 1536px) 100vw, 1536px\" \/>\n\t\t<div class=\"figc no-description\">\n\t\t\t<div class=\"figc-inner\">\n\t\t\t\t\t\t\t\t\t\t\t\t\t\t\t<\/div>\n\t\t<\/div>\n\n\t<\/div>\n\n<\/div><div class=\"modula-item effect-pufrobo\" >\n\t<div class=\"modula-item-overlay\"><\/div>\n\n\t<div class=\"modula-item-content\">\n\n\t\t<a data-image-id=\"9400\" role=\"button\" data-elementor-open-lightbox=\"no\" tabindex=\"0\" rel=\"jtg-9397\" data-caption=\"\" aria-label=\"Open image in lightbox\" class=\"tile-inner modula-item-link\"><\/a><img loading=\"lazy\" decoding=\"async\" class=\"pic wp-image-9400\"  data-valign=\"middle\" data-halign=\"center\" alt=\"March\u00e9 de noel Francfort\" data-full=\"https:\/\/voyageslointains.fr\/wp-content\/uploads\/2026\/04\/Marche-de-noel-Francfort-3-1.jpg\" title=\"March\u00e9 de noel Francfort 3\" crop=\"\" width=\"1920\" height=\"2560\" src=\"https:\/\/voyageslointains.fr\/wp-content\/uploads\/2026\/04\/Marche-de-noel-Francfort-3-1.jpg\" data-src=\"https:\/\/voyageslointains.fr\/wp-content\/uploads\/2026\/04\/Marche-de-noel-Francfort-3-1.jpg\" data-caption=\"\" srcset=\"https:\/\/voyageslointains.fr\/wp-content\/uploads\/2026\/04\/Marche-de-noel-Francfort-3-1-scaled.jpg 1920w, https:\/\/voyageslointains.fr\/wp-content\/uploads\/2026\/04\/Marche-de-noel-Francfort-3-1-225x300.jpg 225w, https:\/\/voyageslointains.fr\/wp-content\/uploads\/2026\/04\/Marche-de-noel-Francfort-3-1-768x1024.jpg 768w, https:\/\/voyageslointains.fr\/wp-content\/uploads\/2026\/04\/Marche-de-noel-Francfort-3-1-1152x1536.jpg 1152w, https:\/\/voyageslointains.fr\/wp-content\/uploads\/2026\/04\/Marche-de-noel-Francfort-3-1-1536x2048.jpg 1536w\" sizes=\"(max-width: 1920px) 100vw, 1920px\" \/>\n\t\t<div class=\"figc no-description\">\n\t\t\t<div class=\"figc-inner\">\n\t\t\t\t\t\t\t\t\t\t\t\t\t\t\t<\/div>\n\t\t<\/div>\n\n\t<\/div>\n\n<\/div><div class=\"modula-item effect-pufrobo\" >\n\t<div class=\"modula-item-overlay\"><\/div>\n\n\t<div class=\"modula-item-content\">\n\n\t\t<a data-image-id=\"9401\" role=\"button\" data-elementor-open-lightbox=\"no\" tabindex=\"0\" rel=\"jtg-9397\" data-caption=\"\" aria-label=\"Open image in lightbox\" class=\"tile-inner modula-item-link\"><\/a><img loading=\"lazy\" decoding=\"async\" class=\"pic wp-image-9401\"  data-valign=\"middle\" data-halign=\"center\" alt=\"March\u00e9 de noel Francfort\" data-full=\"https:\/\/voyageslointains.fr\/wp-content\/uploads\/2026\/04\/Marche-de-noel-Francfort-4-1.jpg\" title=\"March\u00e9 de noel Francfort 4\" crop=\"\" width=\"1920\" height=\"2560\" src=\"https:\/\/voyageslointains.fr\/wp-content\/uploads\/2026\/04\/Marche-de-noel-Francfort-4-1.jpg\" data-src=\"https:\/\/voyageslointains.fr\/wp-content\/uploads\/2026\/04\/Marche-de-noel-Francfort-4-1.jpg\" data-caption=\"\" srcset=\"https:\/\/voyageslointains.fr\/wp-content\/uploads\/2026\/04\/Marche-de-noel-Francfort-4-1-scaled.jpg 1920w, https:\/\/voyageslointains.fr\/wp-content\/uploads\/2026\/04\/Marche-de-noel-Francfort-4-1-225x300.jpg 225w, https:\/\/voyageslointains.fr\/wp-content\/uploads\/2026\/04\/Marche-de-noel-Francfort-4-1-768x1024.jpg 768w, https:\/\/voyageslointains.fr\/wp-content\/uploads\/2026\/04\/Marche-de-noel-Francfort-4-1-1152x1536.jpg 1152w, https:\/\/voyageslointains.fr\/wp-content\/uploads\/2026\/04\/Marche-de-noel-Francfort-4-1-1536x2048.jpg 1536w\" sizes=\"(max-width: 1920px) 100vw, 1920px\" \/>\n\t\t<div class=\"figc no-description\">\n\t\t\t<div class=\"figc-inner\">\n\t\t\t\t\t\t\t\t\t\t\t\t\t\t\t<\/div>\n\t\t<\/div>\n\n\t<\/div>\n\n<\/div><div class=\"modula-item effect-pufrobo\" >\n\t<div class=\"modula-item-overlay\"><\/div>\n\n\t<div class=\"modula-item-content\">\n\n\t\t<a data-image-id=\"9402\" role=\"button\" data-elementor-open-lightbox=\"no\" tabindex=\"0\" rel=\"jtg-9397\" data-caption=\"\" aria-label=\"Open image in lightbox\" class=\"tile-inner modula-item-link\"><\/a><img loading=\"lazy\" decoding=\"async\" class=\"pic wp-image-9402\"  data-valign=\"middle\" data-halign=\"center\" alt=\"March\u00e9 de noel Francfort\" data-full=\"https:\/\/voyageslointains.fr\/wp-content\/uploads\/2026\/04\/Marche-de-noel-Francfort-6-1.jpg\" title=\"March\u00e9 de noel Francfort 6\" crop=\"\" width=\"2048\" height=\"1536\" src=\"https:\/\/voyageslointains.fr\/wp-content\/uploads\/2026\/04\/Marche-de-noel-Francfort-6-1.jpg\" data-src=\"https:\/\/voyageslointains.fr\/wp-content\/uploads\/2026\/04\/Marche-de-noel-Francfort-6-1.jpg\" data-caption=\"\" srcset=\"https:\/\/voyageslointains.fr\/wp-content\/uploads\/2026\/04\/Marche-de-noel-Francfort-6-1.jpg 2048w, https:\/\/voyageslointains.fr\/wp-content\/uploads\/2026\/04\/Marche-de-noel-Francfort-6-1-300x225.jpg 300w, https:\/\/voyageslointains.fr\/wp-content\/uploads\/2026\/04\/Marche-de-noel-Francfort-6-1-1024x768.jpg 1024w, https:\/\/voyageslointains.fr\/wp-content\/uploads\/2026\/04\/Marche-de-noel-Francfort-6-1-768x576.jpg 768w, https:\/\/voyageslointains.fr\/wp-content\/uploads\/2026\/04\/Marche-de-noel-Francfort-6-1-1536x1152.jpg 1536w\" sizes=\"(max-width: 2048px) 100vw, 2048px\" \/>\n\t\t<div class=\"figc no-description\">\n\t\t\t<div class=\"figc-inner\">\n\t\t\t\t\t\t\t\t\t\t\t\t\t\t\t<\/div>\n\t\t<\/div>\n\n\t<\/div>\n\n<\/div><div class=\"modula-item effect-pufrobo\" >\n\t<div class=\"modula-item-overlay\"><\/div>\n\n\t<div class=\"modula-item-content\">\n\n\t\t<a data-image-id=\"9403\" role=\"button\" data-elementor-open-lightbox=\"no\" tabindex=\"0\" rel=\"jtg-9397\" data-caption=\"\" aria-label=\"Open image in lightbox\" class=\"tile-inner modula-item-link\"><\/a><img loading=\"lazy\" decoding=\"async\" class=\"pic wp-image-9403\"  data-valign=\"middle\" data-halign=\"center\" alt=\"March\u00e9 de noel Francfort\" data-full=\"https:\/\/voyageslointains.fr\/wp-content\/uploads\/2026\/04\/Marche-de-noel-Francfort-7-1.jpg\" title=\"March\u00e9 de noel Francfort 7\" crop=\"\" width=\"1536\" height=\"2048\" src=\"https:\/\/voyageslointains.fr\/wp-content\/uploads\/2026\/04\/Marche-de-noel-Francfort-7-1.jpg\" data-src=\"https:\/\/voyageslointains.fr\/wp-content\/uploads\/2026\/04\/Marche-de-noel-Francfort-7-1.jpg\" data-caption=\"\" srcset=\"https:\/\/voyageslointains.fr\/wp-content\/uploads\/2026\/04\/Marche-de-noel-Francfort-7-1.jpg 1536w, https:\/\/voyageslointains.fr\/wp-content\/uploads\/2026\/04\/Marche-de-noel-Francfort-7-1-225x300.jpg 225w, https:\/\/voyageslointains.fr\/wp-content\/uploads\/2026\/04\/Marche-de-noel-Francfort-7-1-768x1024.jpg 768w, https:\/\/voyageslointains.fr\/wp-content\/uploads\/2026\/04\/Marche-de-noel-Francfort-7-1-1152x1536.jpg 1152w\" sizes=\"(max-width: 1536px) 100vw, 1536px\" \/>\n\t\t<div class=\"figc no-description\">\n\t\t\t<div class=\"figc-inner\">\n\t\t\t\t\t\t\t\t\t\t\t\t\t\t\t<\/div>\n\t\t<\/div>\n\n\t<\/div>\n\n<\/div><div class=\"modula-item effect-pufrobo\" >\n\t<div class=\"modula-item-overlay\"><\/div>\n\n\t<div class=\"modula-item-content\">\n\n\t\t<a data-image-id=\"9404\" role=\"button\" data-elementor-open-lightbox=\"no\" tabindex=\"0\" rel=\"jtg-9397\" data-caption=\"\" aria-label=\"Open image in lightbox\" class=\"tile-inner modula-item-link\"><\/a><img loading=\"lazy\" decoding=\"async\" class=\"pic wp-image-9404\"  data-valign=\"middle\" data-halign=\"center\" alt=\"March\u00e9 de noel Francfort\" data-full=\"https:\/\/voyageslointains.fr\/wp-content\/uploads\/2026\/04\/Marche-de-noel-Francfort-9-1.jpg\" title=\"March\u00e9 de noel Francfort 9\" crop=\"\" width=\"1536\" height=\"2048\" src=\"https:\/\/voyageslointains.fr\/wp-content\/uploads\/2026\/04\/Marche-de-noel-Francfort-9-1.jpg\" data-src=\"https:\/\/voyageslointains.fr\/wp-content\/uploads\/2026\/04\/Marche-de-noel-Francfort-9-1.jpg\" data-caption=\"\" srcset=\"https:\/\/voyageslointains.fr\/wp-content\/uploads\/2026\/04\/Marche-de-noel-Francfort-9-1.jpg 1536w, https:\/\/voyageslointains.fr\/wp-content\/uploads\/2026\/04\/Marche-de-noel-Francfort-9-1-225x300.jpg 225w, https:\/\/voyageslointains.fr\/wp-content\/uploads\/2026\/04\/Marche-de-noel-Francfort-9-1-768x1024.jpg 768w, https:\/\/voyageslointains.fr\/wp-content\/uploads\/2026\/04\/Marche-de-noel-Francfort-9-1-1152x1536.jpg 1152w\" sizes=\"(max-width: 1536px) 100vw, 1536px\" \/>\n\t\t<div class=\"figc no-description\">\n\t\t\t<div class=\"figc-inner\">\n\t\t\t\t\t\t\t\t\t\t\t\t\t\t\t<\/div>\n\t\t<\/div>\n\n\t<\/div>\n\n<\/div><div class=\"modula-item effect-pufrobo\" >\n\t<div class=\"modula-item-overlay\"><\/div>\n\n\t<div class=\"modula-item-content\">\n\n\t\t<a data-image-id=\"9405\" role=\"button\" data-elementor-open-lightbox=\"no\" tabindex=\"0\" rel=\"jtg-9397\" data-caption=\"\" aria-label=\"Open image in lightbox\" class=\"tile-inner modula-item-link\"><\/a><img loading=\"lazy\" decoding=\"async\" class=\"pic wp-image-9405\"  data-valign=\"middle\" data-halign=\"center\" alt=\"March\u00e9 de noel Francfort\" data-full=\"https:\/\/voyageslointains.fr\/wp-content\/uploads\/2026\/04\/Marche-de-noel-Francfort-10-1.jpg\" title=\"March\u00e9 de noel Francfort 10\" crop=\"\" width=\"1536\" height=\"2048\" src=\"https:\/\/voyageslointains.fr\/wp-content\/uploads\/2026\/04\/Marche-de-noel-Francfort-10-1.jpg\" data-src=\"https:\/\/voyageslointains.fr\/wp-content\/uploads\/2026\/04\/Marche-de-noel-Francfort-10-1.jpg\" data-caption=\"\" srcset=\"https:\/\/voyageslointains.fr\/wp-content\/uploads\/2026\/04\/Marche-de-noel-Francfort-10-1.jpg 1536w, https:\/\/voyageslointains.fr\/wp-content\/uploads\/2026\/04\/Marche-de-noel-Francfort-10-1-225x300.jpg 225w, https:\/\/voyageslointains.fr\/wp-content\/uploads\/2026\/04\/Marche-de-noel-Francfort-10-1-768x1024.jpg 768w, https:\/\/voyageslointains.fr\/wp-content\/uploads\/2026\/04\/Marche-de-noel-Francfort-10-1-1152x1536.jpg 1152w\" sizes=\"(max-width: 1536px) 100vw, 1536px\" \/>\n\t\t<div class=\"figc no-description\">\n\t\t\t<div class=\"figc-inner\">\n\t\t\t\t\t\t\t\t\t\t\t\t\t\t\t<\/div>\n\t\t<\/div>\n\n\t<\/div>\n\n<\/div><div class=\"modula-item effect-pufrobo\" >\n\t<div class=\"modula-item-overlay\"><\/div>\n\n\t<div class=\"modula-item-content\">\n\n\t\t<a data-image-id=\"9406\" role=\"button\" data-elementor-open-lightbox=\"no\" tabindex=\"0\" rel=\"jtg-9397\" data-caption=\"\" aria-label=\"Open image in lightbox\" class=\"tile-inner modula-item-link\"><\/a><img loading=\"lazy\" decoding=\"async\" class=\"pic wp-image-9406\"  data-valign=\"middle\" data-halign=\"center\" alt=\"March\u00e9 de noel Francfort\" data-full=\"https:\/\/voyageslointains.fr\/wp-content\/uploads\/2026\/04\/Marche-de-noel-Francfort-11-1.jpg\" title=\"March\u00e9 de noel Francfort 11\" crop=\"\" width=\"1536\" height=\"2048\" src=\"https:\/\/voyageslointains.fr\/wp-content\/uploads\/2026\/04\/Marche-de-noel-Francfort-11-1.jpg\" data-src=\"https:\/\/voyageslointains.fr\/wp-content\/uploads\/2026\/04\/Marche-de-noel-Francfort-11-1.jpg\" data-caption=\"\" srcset=\"https:\/\/voyageslointains.fr\/wp-content\/uploads\/2026\/04\/Marche-de-noel-Francfort-11-1.jpg 1536w, https:\/\/voyageslointains.fr\/wp-content\/uploads\/2026\/04\/Marche-de-noel-Francfort-11-1-225x300.jpg 225w, https:\/\/voyageslointains.fr\/wp-content\/uploads\/2026\/04\/Marche-de-noel-Francfort-11-1-768x1024.jpg 768w, https:\/\/voyageslointains.fr\/wp-content\/uploads\/2026\/04\/Marche-de-noel-Francfort-11-1-1152x1536.jpg 1152w\" sizes=\"(max-width: 1536px) 100vw, 1536px\" \/>\n\t\t<div class=\"figc no-description\">\n\t\t\t<div class=\"figc-inner\">\n\t\t\t\t\t\t\t\t\t\t\t\t\t\t\t<\/div>\n\t\t<\/div>\n\n\t<\/div>\n\n<\/div><div class=\"modula-item effect-pufrobo\" >\n\t<div class=\"modula-item-overlay\"><\/div>\n\n\t<div class=\"modula-item-content\">\n\n\t\t<a data-image-id=\"9407\" role=\"button\" data-elementor-open-lightbox=\"no\" tabindex=\"0\" rel=\"jtg-9397\" data-caption=\"\" aria-label=\"Open image in lightbox\" class=\"tile-inner modula-item-link\"><\/a><img loading=\"lazy\" decoding=\"async\" class=\"pic wp-image-9407\"  data-valign=\"middle\" data-halign=\"center\" alt=\"March\u00e9 de noel Francfort\" data-full=\"https:\/\/voyageslointains.fr\/wp-content\/uploads\/2026\/04\/Marche-de-noel-Francfort-12-1.jpg\" title=\"March\u00e9 de noel Francfort 12\" crop=\"\" width=\"1536\" height=\"2048\" src=\"https:\/\/voyageslointains.fr\/wp-content\/uploads\/2026\/04\/Marche-de-noel-Francfort-12-1.jpg\" data-src=\"https:\/\/voyageslointains.fr\/wp-content\/uploads\/2026\/04\/Marche-de-noel-Francfort-12-1.jpg\" data-caption=\"\" srcset=\"https:\/\/voyageslointains.fr\/wp-content\/uploads\/2026\/04\/Marche-de-noel-Francfort-12-1.jpg 1536w, https:\/\/voyageslointains.fr\/wp-content\/uploads\/2026\/04\/Marche-de-noel-Francfort-12-1-225x300.jpg 225w, https:\/\/voyageslointains.fr\/wp-content\/uploads\/2026\/04\/Marche-de-noel-Francfort-12-1-768x1024.jpg 768w, https:\/\/voyageslointains.fr\/wp-content\/uploads\/2026\/04\/Marche-de-noel-Francfort-12-1-1152x1536.jpg 1152w\" sizes=\"(max-width: 1536px) 100vw, 1536px\" \/>\n\t\t<div class=\"figc no-description\">\n\t\t\t<div class=\"figc-inner\">\n\t\t\t\t\t\t\t\t\t\t\t\t\t\t\t<\/div>\n\t\t<\/div>\n\n\t<\/div>\n\n<\/div><div class=\"modula-item effect-pufrobo\" >\n\t<div class=\"modula-item-overlay\"><\/div>\n\n\t<div class=\"modula-item-content\">\n\n\t\t<a data-image-id=\"9408\" role=\"button\" data-elementor-open-lightbox=\"no\" tabindex=\"0\" rel=\"jtg-9397\" data-caption=\"\" aria-label=\"Open image in lightbox\" class=\"tile-inner modula-item-link\"><\/a><img loading=\"lazy\" decoding=\"async\" class=\"pic wp-image-9408\"  data-valign=\"middle\" data-halign=\"center\" alt=\"March\u00e9 de noel Francfort\" data-full=\"https:\/\/voyageslointains.fr\/wp-content\/uploads\/2026\/04\/Marche-de-noel-Francfort-13-1.jpg\" title=\"March\u00e9 de noel Francfort 13\" crop=\"\" width=\"1536\" height=\"2048\" src=\"https:\/\/voyageslointains.fr\/wp-content\/uploads\/2026\/04\/Marche-de-noel-Francfort-13-1.jpg\" data-src=\"https:\/\/voyageslointains.fr\/wp-content\/uploads\/2026\/04\/Marche-de-noel-Francfort-13-1.jpg\" data-caption=\"\" srcset=\"https:\/\/voyageslointains.fr\/wp-content\/uploads\/2026\/04\/Marche-de-noel-Francfort-13-1.jpg 1536w, https:\/\/voyageslointains.fr\/wp-content\/uploads\/2026\/04\/Marche-de-noel-Francfort-13-1-225x300.jpg 225w, https:\/\/voyageslointains.fr\/wp-content\/uploads\/2026\/04\/Marche-de-noel-Francfort-13-1-768x1024.jpg 768w, https:\/\/voyageslointains.fr\/wp-content\/uploads\/2026\/04\/Marche-de-noel-Francfort-13-1-1152x1536.jpg 1152w\" sizes=\"(max-width: 1536px) 100vw, 1536px\" \/>\n\t\t<div class=\"figc no-description\">\n\t\t\t<div class=\"figc-inner\">\n\t\t\t\t\t\t\t\t\t\t\t\t\t\t\t<\/div>\n\t\t<\/div>\n\n\t<\/div>\n\n<\/div><div class=\"modula-item effect-pufrobo\" >\n\t<div class=\"modula-item-overlay\"><\/div>\n\n\t<div class=\"modula-item-content\">\n\n\t\t<a data-image-id=\"9409\" role=\"button\" data-elementor-open-lightbox=\"no\" tabindex=\"0\" rel=\"jtg-9397\" data-caption=\"\" aria-label=\"Open image in lightbox\" class=\"tile-inner modula-item-link\"><\/a><img loading=\"lazy\" decoding=\"async\" class=\"pic wp-image-9409\"  data-valign=\"middle\" data-halign=\"center\" alt=\"March\u00e9 de noel Francfort\" data-full=\"https:\/\/voyageslointains.fr\/wp-content\/uploads\/2026\/04\/Marche-de-noel-Francfort-14-1.jpg\" title=\"March\u00e9 de noel Francfort 14\" crop=\"\" width=\"1536\" height=\"2048\" src=\"https:\/\/voyageslointains.fr\/wp-content\/uploads\/2026\/04\/Marche-de-noel-Francfort-14-1.jpg\" data-src=\"https:\/\/voyageslointains.fr\/wp-content\/uploads\/2026\/04\/Marche-de-noel-Francfort-14-1.jpg\" data-caption=\"\" srcset=\"https:\/\/voyageslointains.fr\/wp-content\/uploads\/2026\/04\/Marche-de-noel-Francfort-14-1.jpg 1536w, https:\/\/voyageslointains.fr\/wp-content\/uploads\/2026\/04\/Marche-de-noel-Francfort-14-1-225x300.jpg 225w, https:\/\/voyageslointains.fr\/wp-content\/uploads\/2026\/04\/Marche-de-noel-Francfort-14-1-768x1024.jpg 768w, https:\/\/voyageslointains.fr\/wp-content\/uploads\/2026\/04\/Marche-de-noel-Francfort-14-1-1152x1536.jpg 1152w\" sizes=\"(max-width: 1536px) 100vw, 1536px\" \/>\n\t\t<div class=\"figc no-description\">\n\t\t\t<div class=\"figc-inner\">\n\t\t\t\t\t\t\t\t\t\t\t\t\t\t\t<\/div>\n\t\t<\/div>\n\n\t<\/div>\n\n<\/div><div class=\"modula-item effect-pufrobo\" >\n\t<div class=\"modula-item-overlay\"><\/div>\n\n\t<div class=\"modula-item-content\">\n\n\t\t<a data-image-id=\"9410\" role=\"button\" data-elementor-open-lightbox=\"no\" tabindex=\"0\" rel=\"jtg-9397\" data-caption=\"\" aria-label=\"Open image in lightbox\" class=\"tile-inner modula-item-link\"><\/a><img loading=\"lazy\" decoding=\"async\" class=\"pic wp-image-9410\"  data-valign=\"middle\" data-halign=\"center\" alt=\"March\u00e9 de noel Francfort\" data-full=\"https:\/\/voyageslointains.fr\/wp-content\/uploads\/2026\/04\/Marche-de-noel-Francfort-15-1.jpg\" title=\"March\u00e9 de noel Francfort 15\" crop=\"\" width=\"1536\" height=\"2048\" src=\"https:\/\/voyageslointains.fr\/wp-content\/uploads\/2026\/04\/Marche-de-noel-Francfort-15-1.jpg\" data-src=\"https:\/\/voyageslointains.fr\/wp-content\/uploads\/2026\/04\/Marche-de-noel-Francfort-15-1.jpg\" data-caption=\"\" srcset=\"https:\/\/voyageslointains.fr\/wp-content\/uploads\/2026\/04\/Marche-de-noel-Francfort-15-1.jpg 1536w, https:\/\/voyageslointains.fr\/wp-content\/uploads\/2026\/04\/Marche-de-noel-Francfort-15-1-225x300.jpg 225w, https:\/\/voyageslointains.fr\/wp-content\/uploads\/2026\/04\/Marche-de-noel-Francfort-15-1-768x1024.jpg 768w, https:\/\/voyageslointains.fr\/wp-content\/uploads\/2026\/04\/Marche-de-noel-Francfort-15-1-1152x1536.jpg 1152w\" sizes=\"(max-width: 1536px) 100vw, 1536px\" \/>\n\t\t<div class=\"figc no-description\">\n\t\t\t<div class=\"figc-inner\">\n\t\t\t\t\t\t\t\t\t\t\t\t\t\t\t<\/div>\n\t\t<\/div>\n\n\t<\/div>\n\n<\/div><div class=\"modula-item effect-pufrobo\" >\n\t<div class=\"modula-item-overlay\"><\/div>\n\n\t<div class=\"modula-item-content\">\n\n\t\t<a data-image-id=\"9411\" role=\"button\" data-elementor-open-lightbox=\"no\" tabindex=\"0\" rel=\"jtg-9397\" data-caption=\"\" aria-label=\"Open image in lightbox\" class=\"tile-inner modula-item-link\"><\/a><img loading=\"lazy\" decoding=\"async\" class=\"pic wp-image-9411\"  data-valign=\"middle\" data-halign=\"center\" alt=\"March\u00e9 de noel Francfort\" data-full=\"https:\/\/voyageslointains.fr\/wp-content\/uploads\/2026\/04\/Marche-de-noel-Francfort-16-1.jpg\" title=\"March\u00e9 de noel Francfort 16\" crop=\"\" width=\"1536\" height=\"2048\" src=\"https:\/\/voyageslointains.fr\/wp-content\/uploads\/2026\/04\/Marche-de-noel-Francfort-16-1.jpg\" data-src=\"https:\/\/voyageslointains.fr\/wp-content\/uploads\/2026\/04\/Marche-de-noel-Francfort-16-1.jpg\" data-caption=\"\" srcset=\"https:\/\/voyageslointains.fr\/wp-content\/uploads\/2026\/04\/Marche-de-noel-Francfort-16-1.jpg 1536w, https:\/\/voyageslointains.fr\/wp-content\/uploads\/2026\/04\/Marche-de-noel-Francfort-16-1-225x300.jpg 225w, https:\/\/voyageslointains.fr\/wp-content\/uploads\/2026\/04\/Marche-de-noel-Francfort-16-1-768x1024.jpg 768w, https:\/\/voyageslointains.fr\/wp-content\/uploads\/2026\/04\/Marche-de-noel-Francfort-16-1-1152x1536.jpg 1152w\" sizes=\"(max-width: 1536px) 100vw, 1536px\" \/>\n\t\t<div class=\"figc no-description\">\n\t\t\t<div class=\"figc-inner\">\n\t\t\t\t\t\t\t\t\t\t\t\t\t\t\t<\/div>\n\t\t<\/div>\n\n\t<\/div>\n\n<\/div><div class=\"modula-item effect-pufrobo\" >\n\t<div class=\"modula-item-overlay\"><\/div>\n\n\t<div class=\"modula-item-content\">\n\n\t\t<a data-image-id=\"9412\" role=\"button\" data-elementor-open-lightbox=\"no\" tabindex=\"0\" rel=\"jtg-9397\" data-caption=\"\" aria-label=\"Open image in lightbox\" class=\"tile-inner modula-item-link\"><\/a><img loading=\"lazy\" decoding=\"async\" class=\"pic wp-image-9412\"  data-valign=\"middle\" data-halign=\"center\" alt=\"March\u00e9 de noel Francfort\" data-full=\"https:\/\/voyageslointains.fr\/wp-content\/uploads\/2026\/04\/Marche-de-noel-Francfort-17-1.jpg\" title=\"March\u00e9 de noel Francfort 17\" crop=\"\" width=\"1536\" height=\"2048\" src=\"https:\/\/voyageslointains.fr\/wp-content\/uploads\/2026\/04\/Marche-de-noel-Francfort-17-1.jpg\" data-src=\"https:\/\/voyageslointains.fr\/wp-content\/uploads\/2026\/04\/Marche-de-noel-Francfort-17-1.jpg\" data-caption=\"\" srcset=\"https:\/\/voyageslointains.fr\/wp-content\/uploads\/2026\/04\/Marche-de-noel-Francfort-17-1.jpg 1536w, https:\/\/voyageslointains.fr\/wp-content\/uploads\/2026\/04\/Marche-de-noel-Francfort-17-1-225x300.jpg 225w, https:\/\/voyageslointains.fr\/wp-content\/uploads\/2026\/04\/Marche-de-noel-Francfort-17-1-768x1024.jpg 768w, https:\/\/voyageslointains.fr\/wp-content\/uploads\/2026\/04\/Marche-de-noel-Francfort-17-1-1152x1536.jpg 1152w\" sizes=\"(max-width: 1536px) 100vw, 1536px\" \/>\n\t\t<div class=\"figc no-description\">\n\t\t\t<div class=\"figc-inner\">\n\t\t\t\t\t\t\t\t\t\t\t\t\t\t\t<\/div>\n\t\t<\/div>\n\n\t<\/div>\n\n<\/div><div class=\"modula-item effect-pufrobo\" >\n\t<div class=\"modula-item-overlay\"><\/div>\n\n\t<div class=\"modula-item-content\">\n\n\t\t<a data-image-id=\"9413\" role=\"button\" data-elementor-open-lightbox=\"no\" tabindex=\"0\" rel=\"jtg-9397\" data-caption=\"\" aria-label=\"Open image in lightbox\" class=\"tile-inner modula-item-link\"><\/a><img loading=\"lazy\" decoding=\"async\" class=\"pic wp-image-9413\"  data-valign=\"middle\" data-halign=\"center\" alt=\"March\u00e9 de noel Francfort\" data-full=\"https:\/\/voyageslointains.fr\/wp-content\/uploads\/2026\/04\/Marche-de-noel-Francfort-18-1.jpg\" title=\"March\u00e9 de noel Francfort 18\" crop=\"\" width=\"1536\" height=\"2048\" src=\"https:\/\/voyageslointains.fr\/wp-content\/uploads\/2026\/04\/Marche-de-noel-Francfort-18-1.jpg\" data-src=\"https:\/\/voyageslointains.fr\/wp-content\/uploads\/2026\/04\/Marche-de-noel-Francfort-18-1.jpg\" data-caption=\"\" srcset=\"https:\/\/voyageslointains.fr\/wp-content\/uploads\/2026\/04\/Marche-de-noel-Francfort-18-1.jpg 1536w, https:\/\/voyageslointains.fr\/wp-content\/uploads\/2026\/04\/Marche-de-noel-Francfort-18-1-225x300.jpg 225w, https:\/\/voyageslointains.fr\/wp-content\/uploads\/2026\/04\/Marche-de-noel-Francfort-18-1-768x1024.jpg 768w, https:\/\/voyageslointains.fr\/wp-content\/uploads\/2026\/04\/Marche-de-noel-Francfort-18-1-1152x1536.jpg 1152w\" sizes=\"(max-width: 1536px) 100vw, 1536px\" \/>\n\t\t<div class=\"figc no-description\">\n\t\t\t<div class=\"figc-inner\">\n\t\t\t\t\t\t\t\t\t\t\t\t\t\t\t<\/div>\n\t\t<\/div>\n\n\t<\/div>\n\n<\/div><div class=\"modula-item effect-pufrobo\" >\n\t<div class=\"modula-item-overlay\"><\/div>\n\n\t<div class=\"modula-item-content\">\n\n\t\t<a data-image-id=\"9414\" role=\"button\" data-elementor-open-lightbox=\"no\" tabindex=\"0\" rel=\"jtg-9397\" data-caption=\"\" aria-label=\"Open image in lightbox\" class=\"tile-inner modula-item-link\"><\/a><img loading=\"lazy\" decoding=\"async\" class=\"pic wp-image-9414\"  data-valign=\"middle\" data-halign=\"center\" alt=\"March\u00e9 de noel Francfort\" data-full=\"https:\/\/voyageslointains.fr\/wp-content\/uploads\/2026\/04\/Marche-de-noel-Franfort-8-1.jpg\" title=\"March\u00e9 de noel Franfort 8\" crop=\"\" width=\"1536\" height=\"2048\" src=\"https:\/\/voyageslointains.fr\/wp-content\/uploads\/2026\/04\/Marche-de-noel-Franfort-8-1.jpg\" data-src=\"https:\/\/voyageslointains.fr\/wp-content\/uploads\/2026\/04\/Marche-de-noel-Franfort-8-1.jpg\" data-caption=\"\" srcset=\"https:\/\/voyageslointains.fr\/wp-content\/uploads\/2026\/04\/Marche-de-noel-Franfort-8-1.jpg 1536w, https:\/\/voyageslointains.fr\/wp-content\/uploads\/2026\/04\/Marche-de-noel-Franfort-8-1-225x300.jpg 225w, https:\/\/voyageslointains.fr\/wp-content\/uploads\/2026\/04\/Marche-de-noel-Franfort-8-1-768x1024.jpg 768w, https:\/\/voyageslointains.fr\/wp-content\/uploads\/2026\/04\/Marche-de-noel-Franfort-8-1-1152x1536.jpg 1152w\" sizes=\"(max-width: 1536px) 100vw, 1536px\" \/>\n\t\t<div class=\"figc no-description\">\n\t\t\t<div class=\"figc-inner\">\n\t\t\t\t\t\t\t\t\t\t\t\t\t\t\t<\/div>\n\t\t<\/div>\n\n\t<\/div>\n\n<\/div>\t\t\n\t<\/div>\n\n\t\n\t\n\t<script type=\"application\/ld+json\">\n\t{\n\t\t\"@context\": \"http:\/\/schema.org\",\n\t\t\"@type\"   : \"ImageGallery\",\n\t\t\"id\"      : \"https:\/\/voyageslointains.fr\/?p=9369\/\",\n\t\t\"url\"     : \"https:\/\/voyageslointains.fr\/?p=9369\/\"\n\t}\n\n\t<\/script>\n\n\t\n<\/div>\n\n\n\n<p class=\"has-text-align-center\">Le lendemain matin, nous grimpons dans le premier train pour Mayence, petite ville charmante r\u00e9put\u00e9e pour son march\u00e9 de No\u00ebl et son mus\u00e9e Gutenberg. Il faut se perdre dans les ruelles et admirer sa belle cath\u00e9drale, au pied de laquelle s\u2019\u00e9tend le march\u00e9, avant de rejoindre la gare de Mainz-Kastel pour continuer vers Wiesbaden, notre prochaine \u00e9tape. Elle n\u2019est qu\u2019\u00e0 dix minutes de train.<\/p>\n\n\n\n<p class=\"has-text-align-center\">Cette ville, en apparence plus grande et moderne, r\u00e9v\u00e8le diff\u00e9rentes facettes. On peut longer Adolfsallee pour admirer ses jolies demeures, parcourir Kirchgasse et ses boutiques (malheureusement ferm\u00e9es ce dimanche). D\u00e8s que l\u2019on rejoint Luisenplatz, Mauritiusplatz ou Marktplatz, on est imm\u00e9diatement plong\u00e9 dans l\u2019ambiance de No\u00ebl. Il ne faut pas oublier de pousser jusqu\u2019aux thermes et au casino, o\u00f9 est install\u00e9e une immense patinoire tr\u00e8s fr\u00e9quent\u00e9e ce jour-l\u00e0. Le sapin rouge du casino, sous son d\u00f4me de verre, vaut aussi le d\u00e9tour.<\/p>\n\n\n\n<p class=\"has-text-align-center\">La ville offre \u00e9galement de nombreux quartiers annexes \u00e0 d\u00e9couvrir lorsque l\u2019on dispose de plus de temps, notamment Neroberg, que l\u2019on peut rejoindre par un funiculaire.<\/p>\n\n\n\n<p class=\"has-text-align-center\">Il est maintenant temps de retourner \u00e0 Francfort et \u00e0 notre h\u00f4tel. Apr\u00e8s une petite pause, nous profitons \u00e0 nouveau de la soir\u00e9e au c\u0153ur des march\u00e9s et des stands illumin\u00e9s. De l\u2019autre c\u00f4t\u00e9 du Main, on trouve quelques auberges de vin de pomme qu\u2019il ne faut pas manquer. C\u2019est l\u2019occasion de d\u00e9guster quelques plats locaux accompagn\u00e9s d\u2019un verre de vin de pomme. Celui-ci est diff\u00e9rent de notre cidre, notamment parce qu\u2019il n\u2019est pas p\u00e9tillant. L\u2019adresse est accueillante, copieuse et bonne !<\/p>\n\n\n\n<p class=\"has-text-align-center\">Nous profitons une derni\u00e8re fois de la skyline illumin\u00e9e avant de rejoindre notre h\u00f4tel.<\/p>\n\n\n<div  id=\"jtg-9417\" class=\"modula modula-gallery modula-columns\" data-config=\"{&quot;tabletHeight&quot;:800,&quot;mobileHeight&quot;:800,&quot;desktopHeight&quot;:800,&quot;enableTwitter&quot;:false,&quot;enableWhatsapp&quot;:false,&quot;enableFacebook&quot;:false,&quot;enablePinterest&quot;:false,&quot;enableLinkedin&quot;:false,&quot;enableEmail&quot;:false,&quot;randomFactor&quot;:0.5,&quot;type&quot;:&quot;grid&quot;,&quot;columns&quot;:12,&quot;gutter&quot;:10,&quot;mobileGutter&quot;:10,&quot;tabletGutter&quot;:10,&quot;desktopGutter&quot;:10,&quot;enableResponsive&quot;:true,&quot;tabletColumns&quot;:3,&quot;mobileColumns&quot;:2,&quot;lazyLoad&quot;:0,&quot;lightboxOpts&quot;:{&quot;animated&quot;:true,&quot;Thumbs&quot;:{&quot;type&quot;:&quot;modern&quot;,&quot;showOnStart&quot;:false},&quot;Toolbar&quot;:{&quot;display&quot;:{&quot;right&quot;:[&quot;close&quot;]},&quot;enabled&quot;:true},&quot;Carousel&quot;:{&quot;Panzoom&quot;:{&quot;touch&quot;:true},&quot;infinite&quot;:false},&quot;keyboard&quot;:{&quot;Escape&quot;:&quot;close&quot;,&quot;Delete&quot;:&quot;close&quot;,&quot;Backspace&quot;:&quot;close&quot;,&quot;PageUp&quot;:false,&quot;PageDown&quot;:false,&quot;ArrowUp&quot;:false,&quot;ArrowDown&quot;:false,&quot;ArrowRight&quot;:false,&quot;ArrowLeft&quot;:false},&quot;touch&quot;:false,&quot;backdropClick&quot;:false,&quot;l10n&quot;:{&quot;CLOSE&quot;:&quot;Close&quot;,&quot;NEXT&quot;:&quot;Next&quot;,&quot;PREV&quot;:&quot;Previous&quot;,&quot;Error&quot;:&quot;The requested content cannot be loaded. Please try again later.&quot;,&quot;PLAY_START&quot;:&quot;Start slideshow&quot;,&quot;PLAY_STOP&quot;:&quot;Pause slideshow&quot;,&quot;FULL_SCREEN&quot;:&quot;Full screen&quot;,&quot;THUMBS&quot;:&quot;Thumbnails&quot;,&quot;DOWNLOAD&quot;:&quot;Download&quot;,&quot;SHARE&quot;:&quot;Share&quot;,&quot;ZOOM&quot;:&quot;Zoom&quot;,&quot;EMAIL&quot;:&quot;Here is the link to the image : %%image_link%% and this is the link to the gallery : %%gallery_link%%&quot;,&quot;MODAL&quot;:&quot;You can close this modal content with the ESC key&quot;,&quot;ERROR&quot;:&quot;Something Went Wrong, Please Try Again Later&quot;,&quot;IMAGE_ERROR&quot;:&quot;Image Not Found&quot;,&quot;ELEMENT_NOT_FOUND&quot;:&quot;HTML Element Not Found&quot;,&quot;AJAX_NOT_FOUND&quot;:&quot;Error Loading AJAX : Not Found&quot;,&quot;AJAX_FORBIDDEN&quot;:&quot;Error Loading AJAX : Forbidden&quot;,&quot;IFRAME_ERROR&quot;:&quot;Error Loading Page&quot;,&quot;TOGGLE_ZOOM&quot;:&quot;Toggle zoom level&quot;,&quot;TOGGLE_THUMBS&quot;:&quot;Toggle thumbnails&quot;,&quot;TOGGLE_SLIDESHOW&quot;:&quot;Toggle slideshow&quot;,&quot;TOGGLE_FULLSCREEN&quot;:&quot;Toggle full-screen mode&quot;},&quot;Images&quot;:{&quot;Panzoom&quot;:{&quot;maxScale&quot;:2}},&quot;mainClass&quot;:&quot;modula-fancybox-container modula-lightbox-jtg-9417&quot;,&quot;Html&quot;:{&quot;videoAutoplay&quot;:0,&quot;videoTpl&quot;:&quot;&lt;video class=\\&quot;fancybox__html5video\\&quot; controls muted playsinline controlsList controlsList=\\&quot;nodownload\\&quot; poster=\\&quot;{{poster}}\\&quot; src=\\&quot;{{src}}\\&quot; type=\\&quot;{{format}}\\&quot; &gt;  Sorry, your browser doesn&#039;t support embedded videos, &lt;a href=\\&quot;{{src}}\\&quot;&gt; download &lt;\\\/a&gt; and watch with your favorite video player! &lt;\\\/video&gt;&quot;}},&quot;inView&quot;:false,&quot;email_subject&quot;:&quot;Check out this awesome image !!&quot;,&quot;email_message&quot;:&quot;Here is the link to the image : %%image_link%% and this is the link to the gallery : %%gallery_link%%&quot;,&quot;grid_type&quot;:&quot;4&quot;,&quot;rowHeight&quot;:250,&quot;lastRow&quot;:&quot;justify&quot;,&quot;lightbox&quot;:&quot;fancybox&quot;}\">\n\n\t<div class=\"modula-grid-sizer\"> <\/div>\n\t<div  class=\"modula-items grid-gallery\">\n\t\t<div class=\"modula-item effect-pufrobo\" >\n\t<div class=\"modula-item-overlay\"><\/div>\n\n\t<div class=\"modula-item-content\">\n\n\t\t<a data-image-id=\"9418\" role=\"button\" data-elementor-open-lightbox=\"no\" tabindex=\"0\" rel=\"jtg-9417\" data-caption=\"\" aria-label=\"Open image in lightbox\" class=\"tile-inner modula-item-link\"><\/a><img loading=\"lazy\" decoding=\"async\" class=\"pic wp-image-9418\"  data-valign=\"middle\" data-halign=\"center\" alt=\"March\u00e9 de noel Mayence\" data-full=\"https:\/\/voyageslointains.fr\/wp-content\/uploads\/2026\/04\/Marche-de-noel-Mayence-1.jpg\" title=\"March\u00e9 de noel Mayence 1\" crop=\"\" width=\"1920\" height=\"2560\" src=\"https:\/\/voyageslointains.fr\/wp-content\/uploads\/2026\/04\/Marche-de-noel-Mayence-1.jpg\" data-src=\"https:\/\/voyageslointains.fr\/wp-content\/uploads\/2026\/04\/Marche-de-noel-Mayence-1.jpg\" data-caption=\"\" srcset=\"https:\/\/voyageslointains.fr\/wp-content\/uploads\/2026\/04\/Marche-de-noel-Mayence-1-scaled.jpg 1920w, https:\/\/voyageslointains.fr\/wp-content\/uploads\/2026\/04\/Marche-de-noel-Mayence-1-225x300.jpg 225w, https:\/\/voyageslointains.fr\/wp-content\/uploads\/2026\/04\/Marche-de-noel-Mayence-1-768x1024.jpg 768w, https:\/\/voyageslointains.fr\/wp-content\/uploads\/2026\/04\/Marche-de-noel-Mayence-1-1152x1536.jpg 1152w, https:\/\/voyageslointains.fr\/wp-content\/uploads\/2026\/04\/Marche-de-noel-Mayence-1-1536x2048.jpg 1536w\" sizes=\"(max-width: 1920px) 100vw, 1920px\" \/>\n\t\t<div class=\"figc no-description\">\n\t\t\t<div class=\"figc-inner\">\n\t\t\t\t\t\t\t\t\t\t\t\t\t\t\t<\/div>\n\t\t<\/div>\n\n\t<\/div>\n\n<\/div><div class=\"modula-item effect-pufrobo\" >\n\t<div class=\"modula-item-overlay\"><\/div>\n\n\t<div class=\"modula-item-content\">\n\n\t\t<a data-image-id=\"9419\" role=\"button\" data-elementor-open-lightbox=\"no\" tabindex=\"0\" rel=\"jtg-9417\" data-caption=\"\" aria-label=\"Open image in lightbox\" class=\"tile-inner modula-item-link\"><\/a><img loading=\"lazy\" decoding=\"async\" class=\"pic wp-image-9419\"  data-valign=\"middle\" data-halign=\"center\" alt=\"March\u00e9 de noel Mayence\" data-full=\"https:\/\/voyageslointains.fr\/wp-content\/uploads\/2026\/04\/Marche-de-noel-Mayence-2.jpg\" title=\"March\u00e9 de noel Mayence 2\" crop=\"\" width=\"1920\" height=\"2560\" src=\"https:\/\/voyageslointains.fr\/wp-content\/uploads\/2026\/04\/Marche-de-noel-Mayence-2.jpg\" data-src=\"https:\/\/voyageslointains.fr\/wp-content\/uploads\/2026\/04\/Marche-de-noel-Mayence-2.jpg\" data-caption=\"\" srcset=\"https:\/\/voyageslointains.fr\/wp-content\/uploads\/2026\/04\/Marche-de-noel-Mayence-2-scaled.jpg 1920w, https:\/\/voyageslointains.fr\/wp-content\/uploads\/2026\/04\/Marche-de-noel-Mayence-2-225x300.jpg 225w, https:\/\/voyageslointains.fr\/wp-content\/uploads\/2026\/04\/Marche-de-noel-Mayence-2-768x1024.jpg 768w, https:\/\/voyageslointains.fr\/wp-content\/uploads\/2026\/04\/Marche-de-noel-Mayence-2-1152x1536.jpg 1152w, https:\/\/voyageslointains.fr\/wp-content\/uploads\/2026\/04\/Marche-de-noel-Mayence-2-1536x2048.jpg 1536w\" sizes=\"(max-width: 1920px) 100vw, 1920px\" \/>\n\t\t<div class=\"figc no-description\">\n\t\t\t<div class=\"figc-inner\">\n\t\t\t\t\t\t\t\t\t\t\t\t\t\t\t<\/div>\n\t\t<\/div>\n\n\t<\/div>\n\n<\/div><div class=\"modula-item effect-pufrobo\" >\n\t<div class=\"modula-item-overlay\"><\/div>\n\n\t<div class=\"modula-item-content\">\n\n\t\t<a data-image-id=\"9420\" role=\"button\" data-elementor-open-lightbox=\"no\" tabindex=\"0\" rel=\"jtg-9417\" data-caption=\"\" aria-label=\"Open image in lightbox\" class=\"tile-inner modula-item-link\"><\/a><img loading=\"lazy\" decoding=\"async\" class=\"pic wp-image-9420\"  data-valign=\"middle\" data-halign=\"center\" alt=\"March\u00e9 de noel Mayence\" data-full=\"https:\/\/voyageslointains.fr\/wp-content\/uploads\/2026\/04\/Marche-de-noel-Mayence-3.jpg\" title=\"March\u00e9 de noel Mayence 3\" crop=\"\" width=\"1920\" height=\"2560\" src=\"https:\/\/voyageslointains.fr\/wp-content\/uploads\/2026\/04\/Marche-de-noel-Mayence-3.jpg\" data-src=\"https:\/\/voyageslointains.fr\/wp-content\/uploads\/2026\/04\/Marche-de-noel-Mayence-3.jpg\" data-caption=\"\" srcset=\"https:\/\/voyageslointains.fr\/wp-content\/uploads\/2026\/04\/Marche-de-noel-Mayence-3-scaled.jpg 1920w, https:\/\/voyageslointains.fr\/wp-content\/uploads\/2026\/04\/Marche-de-noel-Mayence-3-225x300.jpg 225w, https:\/\/voyageslointains.fr\/wp-content\/uploads\/2026\/04\/Marche-de-noel-Mayence-3-768x1024.jpg 768w, https:\/\/voyageslointains.fr\/wp-content\/uploads\/2026\/04\/Marche-de-noel-Mayence-3-1152x1536.jpg 1152w, https:\/\/voyageslointains.fr\/wp-content\/uploads\/2026\/04\/Marche-de-noel-Mayence-3-1536x2048.jpg 1536w\" sizes=\"(max-width: 1920px) 100vw, 1920px\" \/>\n\t\t<div class=\"figc no-description\">\n\t\t\t<div class=\"figc-inner\">\n\t\t\t\t\t\t\t\t\t\t\t\t\t\t\t<\/div>\n\t\t<\/div>\n\n\t<\/div>\n\n<\/div><div class=\"modula-item effect-pufrobo\" >\n\t<div class=\"modula-item-overlay\"><\/div>\n\n\t<div class=\"modula-item-content\">\n\n\t\t<a data-image-id=\"9421\" role=\"button\" data-elementor-open-lightbox=\"no\" tabindex=\"0\" rel=\"jtg-9417\" data-caption=\"\" aria-label=\"Open image in lightbox\" class=\"tile-inner modula-item-link\"><\/a><img loading=\"lazy\" decoding=\"async\" class=\"pic wp-image-9421\"  data-valign=\"middle\" data-halign=\"center\" alt=\"March\u00e9 de noel Mayence\" data-full=\"https:\/\/voyageslointains.fr\/wp-content\/uploads\/2026\/04\/Marche-de-noel-Mayence-4.jpg\" title=\"March\u00e9 de noel Mayence 4\" crop=\"\" width=\"1920\" height=\"2560\" src=\"https:\/\/voyageslointains.fr\/wp-content\/uploads\/2026\/04\/Marche-de-noel-Mayence-4.jpg\" data-src=\"https:\/\/voyageslointains.fr\/wp-content\/uploads\/2026\/04\/Marche-de-noel-Mayence-4.jpg\" data-caption=\"\" srcset=\"https:\/\/voyageslointains.fr\/wp-content\/uploads\/2026\/04\/Marche-de-noel-Mayence-4-scaled.jpg 1920w, https:\/\/voyageslointains.fr\/wp-content\/uploads\/2026\/04\/Marche-de-noel-Mayence-4-225x300.jpg 225w, https:\/\/voyageslointains.fr\/wp-content\/uploads\/2026\/04\/Marche-de-noel-Mayence-4-768x1024.jpg 768w, https:\/\/voyageslointains.fr\/wp-content\/uploads\/2026\/04\/Marche-de-noel-Mayence-4-1152x1536.jpg 1152w, https:\/\/voyageslointains.fr\/wp-content\/uploads\/2026\/04\/Marche-de-noel-Mayence-4-1536x2048.jpg 1536w\" sizes=\"(max-width: 1920px) 100vw, 1920px\" \/>\n\t\t<div class=\"figc no-description\">\n\t\t\t<div class=\"figc-inner\">\n\t\t\t\t\t\t\t\t\t\t\t\t\t\t\t<\/div>\n\t\t<\/div>\n\n\t<\/div>\n\n<\/div><div class=\"modula-item effect-pufrobo\" >\n\t<div class=\"modula-item-overlay\"><\/div>\n\n\t<div class=\"modula-item-content\">\n\n\t\t<a data-image-id=\"9422\" role=\"button\" data-elementor-open-lightbox=\"no\" tabindex=\"0\" rel=\"jtg-9417\" data-caption=\"\" aria-label=\"Open image in lightbox\" class=\"tile-inner modula-item-link\"><\/a><img loading=\"lazy\" decoding=\"async\" class=\"pic wp-image-9422\"  data-valign=\"middle\" data-halign=\"center\" alt=\"March\u00e9 de noel Wiesbaden\" data-full=\"https:\/\/voyageslointains.fr\/wp-content\/uploads\/2026\/04\/Marche-de-noel-Wiesbaden-1.jpg\" title=\"March\u00e9 de noel Wiesbaden 1\" crop=\"\" width=\"1920\" height=\"2560\" src=\"https:\/\/voyageslointains.fr\/wp-content\/uploads\/2026\/04\/Marche-de-noel-Wiesbaden-1.jpg\" data-src=\"https:\/\/voyageslointains.fr\/wp-content\/uploads\/2026\/04\/Marche-de-noel-Wiesbaden-1.jpg\" data-caption=\"\" srcset=\"https:\/\/voyageslointains.fr\/wp-content\/uploads\/2026\/04\/Marche-de-noel-Wiesbaden-1-scaled.jpg 1920w, https:\/\/voyageslointains.fr\/wp-content\/uploads\/2026\/04\/Marche-de-noel-Wiesbaden-1-225x300.jpg 225w, https:\/\/voyageslointains.fr\/wp-content\/uploads\/2026\/04\/Marche-de-noel-Wiesbaden-1-768x1024.jpg 768w, https:\/\/voyageslointains.fr\/wp-content\/uploads\/2026\/04\/Marche-de-noel-Wiesbaden-1-1152x1536.jpg 1152w, https:\/\/voyageslointains.fr\/wp-content\/uploads\/2026\/04\/Marche-de-noel-Wiesbaden-1-1536x2048.jpg 1536w\" sizes=\"(max-width: 1920px) 100vw, 1920px\" \/>\n\t\t<div class=\"figc no-description\">\n\t\t\t<div class=\"figc-inner\">\n\t\t\t\t\t\t\t\t\t\t\t\t\t\t\t<\/div>\n\t\t<\/div>\n\n\t<\/div>\n\n<\/div><div class=\"modula-item effect-pufrobo\" >\n\t<div class=\"modula-item-overlay\"><\/div>\n\n\t<div class=\"modula-item-content\">\n\n\t\t<a data-image-id=\"9423\" role=\"button\" data-elementor-open-lightbox=\"no\" tabindex=\"0\" rel=\"jtg-9417\" data-caption=\"\" aria-label=\"Open image in lightbox\" class=\"tile-inner modula-item-link\"><\/a><img loading=\"lazy\" decoding=\"async\" class=\"pic wp-image-9423\"  data-valign=\"middle\" data-halign=\"center\" alt=\"March\u00e9 de noel Wiesbaden\" data-full=\"https:\/\/voyageslointains.fr\/wp-content\/uploads\/2026\/04\/Marche-de-noel-Wiesbaden-2.jpg\" title=\"March\u00e9 de noel Wiesbaden 2\" crop=\"\" width=\"1920\" height=\"2560\" src=\"https:\/\/voyageslointains.fr\/wp-content\/uploads\/2026\/04\/Marche-de-noel-Wiesbaden-2.jpg\" data-src=\"https:\/\/voyageslointains.fr\/wp-content\/uploads\/2026\/04\/Marche-de-noel-Wiesbaden-2.jpg\" data-caption=\"\" srcset=\"https:\/\/voyageslointains.fr\/wp-content\/uploads\/2026\/04\/Marche-de-noel-Wiesbaden-2-scaled.jpg 1920w, https:\/\/voyageslointains.fr\/wp-content\/uploads\/2026\/04\/Marche-de-noel-Wiesbaden-2-225x300.jpg 225w, https:\/\/voyageslointains.fr\/wp-content\/uploads\/2026\/04\/Marche-de-noel-Wiesbaden-2-768x1024.jpg 768w, https:\/\/voyageslointains.fr\/wp-content\/uploads\/2026\/04\/Marche-de-noel-Wiesbaden-2-1152x1536.jpg 1152w, https:\/\/voyageslointains.fr\/wp-content\/uploads\/2026\/04\/Marche-de-noel-Wiesbaden-2-1536x2048.jpg 1536w\" sizes=\"(max-width: 1920px) 100vw, 1920px\" \/>\n\t\t<div class=\"figc no-description\">\n\t\t\t<div class=\"figc-inner\">\n\t\t\t\t\t\t\t\t\t\t\t\t\t\t\t<\/div>\n\t\t<\/div>\n\n\t<\/div>\n\n<\/div><div class=\"modula-item effect-pufrobo\" >\n\t<div class=\"modula-item-overlay\"><\/div>\n\n\t<div class=\"modula-item-content\">\n\n\t\t<a data-image-id=\"9424\" role=\"button\" data-elementor-open-lightbox=\"no\" tabindex=\"0\" rel=\"jtg-9417\" data-caption=\"\" aria-label=\"Open image in lightbox\" class=\"tile-inner modula-item-link\"><\/a><img loading=\"lazy\" decoding=\"async\" class=\"pic wp-image-9424\"  data-valign=\"middle\" data-halign=\"center\" alt=\"March\u00e9 de noel Wiesbaden\" data-full=\"https:\/\/voyageslointains.fr\/wp-content\/uploads\/2026\/04\/Marche-de-noel-Wiesbaden-3.jpg\" title=\"March\u00e9 de noel Wiesbaden 3\" crop=\"\" width=\"1920\" height=\"2560\" src=\"https:\/\/voyageslointains.fr\/wp-content\/uploads\/2026\/04\/Marche-de-noel-Wiesbaden-3.jpg\" data-src=\"https:\/\/voyageslointains.fr\/wp-content\/uploads\/2026\/04\/Marche-de-noel-Wiesbaden-3.jpg\" data-caption=\"\" srcset=\"https:\/\/voyageslointains.fr\/wp-content\/uploads\/2026\/04\/Marche-de-noel-Wiesbaden-3-scaled.jpg 1920w, https:\/\/voyageslointains.fr\/wp-content\/uploads\/2026\/04\/Marche-de-noel-Wiesbaden-3-225x300.jpg 225w, https:\/\/voyageslointains.fr\/wp-content\/uploads\/2026\/04\/Marche-de-noel-Wiesbaden-3-768x1024.jpg 768w, https:\/\/voyageslointains.fr\/wp-content\/uploads\/2026\/04\/Marche-de-noel-Wiesbaden-3-1152x1536.jpg 1152w, https:\/\/voyageslointains.fr\/wp-content\/uploads\/2026\/04\/Marche-de-noel-Wiesbaden-3-1536x2048.jpg 1536w\" sizes=\"(max-width: 1920px) 100vw, 1920px\" \/>\n\t\t<div class=\"figc no-description\">\n\t\t\t<div class=\"figc-inner\">\n\t\t\t\t\t\t\t\t\t\t\t\t\t\t\t<\/div>\n\t\t<\/div>\n\n\t<\/div>\n\n<\/div><div class=\"modula-item effect-pufrobo\" >\n\t<div class=\"modula-item-overlay\"><\/div>\n\n\t<div class=\"modula-item-content\">\n\n\t\t<a data-image-id=\"9425\" role=\"button\" data-elementor-open-lightbox=\"no\" tabindex=\"0\" rel=\"jtg-9417\" data-caption=\"\" aria-label=\"Open image in lightbox\" class=\"tile-inner modula-item-link\"><\/a><img loading=\"lazy\" decoding=\"async\" class=\"pic wp-image-9425\"  data-valign=\"middle\" data-halign=\"center\" alt=\"March\u00e9 de noel Wiesbaden\" data-full=\"https:\/\/voyageslointains.fr\/wp-content\/uploads\/2026\/04\/Marche-de-noel-Wiesbaden-4.jpg\" title=\"March\u00e9 de noel Wiesbaden 4\" crop=\"\" width=\"1920\" height=\"2560\" src=\"https:\/\/voyageslointains.fr\/wp-content\/uploads\/2026\/04\/Marche-de-noel-Wiesbaden-4.jpg\" data-src=\"https:\/\/voyageslointains.fr\/wp-content\/uploads\/2026\/04\/Marche-de-noel-Wiesbaden-4.jpg\" data-caption=\"\" srcset=\"https:\/\/voyageslointains.fr\/wp-content\/uploads\/2026\/04\/Marche-de-noel-Wiesbaden-4-scaled.jpg 1920w, https:\/\/voyageslointains.fr\/wp-content\/uploads\/2026\/04\/Marche-de-noel-Wiesbaden-4-225x300.jpg 225w, https:\/\/voyageslointains.fr\/wp-content\/uploads\/2026\/04\/Marche-de-noel-Wiesbaden-4-768x1024.jpg 768w, https:\/\/voyageslointains.fr\/wp-content\/uploads\/2026\/04\/Marche-de-noel-Wiesbaden-4-1152x1536.jpg 1152w, https:\/\/voyageslointains.fr\/wp-content\/uploads\/2026\/04\/Marche-de-noel-Wiesbaden-4-1536x2048.jpg 1536w\" sizes=\"(max-width: 1920px) 100vw, 1920px\" \/>\n\t\t<div class=\"figc no-description\">\n\t\t\t<div class=\"figc-inner\">\n\t\t\t\t\t\t\t\t\t\t\t\t\t\t\t<\/div>\n\t\t<\/div>\n\n\t<\/div>\n\n<\/div><div class=\"modula-item effect-pufrobo\" >\n\t<div class=\"modula-item-overlay\"><\/div>\n\n\t<div class=\"modula-item-content\">\n\n\t\t<a data-image-id=\"9426\" role=\"button\" data-elementor-open-lightbox=\"no\" tabindex=\"0\" rel=\"jtg-9417\" data-caption=\"\" aria-label=\"Open image in lightbox\" class=\"tile-inner modula-item-link\"><\/a><img loading=\"lazy\" decoding=\"async\" class=\"pic wp-image-9426\"  data-valign=\"middle\" data-halign=\"center\" alt=\"March\u00e9 de noel Wiesbaden\" data-full=\"https:\/\/voyageslointains.fr\/wp-content\/uploads\/2026\/04\/Marche-de-noel-Wiesbaden-5.jpg\" title=\"March\u00e9 de noel Wiesbaden 5\" crop=\"\" width=\"1920\" height=\"2560\" src=\"https:\/\/voyageslointains.fr\/wp-content\/uploads\/2026\/04\/Marche-de-noel-Wiesbaden-5.jpg\" data-src=\"https:\/\/voyageslointains.fr\/wp-content\/uploads\/2026\/04\/Marche-de-noel-Wiesbaden-5.jpg\" data-caption=\"\" srcset=\"https:\/\/voyageslointains.fr\/wp-content\/uploads\/2026\/04\/Marche-de-noel-Wiesbaden-5-scaled.jpg 1920w, https:\/\/voyageslointains.fr\/wp-content\/uploads\/2026\/04\/Marche-de-noel-Wiesbaden-5-225x300.jpg 225w, https:\/\/voyageslointains.fr\/wp-content\/uploads\/2026\/04\/Marche-de-noel-Wiesbaden-5-768x1024.jpg 768w, https:\/\/voyageslointains.fr\/wp-content\/uploads\/2026\/04\/Marche-de-noel-Wiesbaden-5-1152x1536.jpg 1152w, https:\/\/voyageslointains.fr\/wp-content\/uploads\/2026\/04\/Marche-de-noel-Wiesbaden-5-1536x2048.jpg 1536w\" sizes=\"(max-width: 1920px) 100vw, 1920px\" \/>\n\t\t<div class=\"figc no-description\">\n\t\t\t<div class=\"figc-inner\">\n\t\t\t\t\t\t\t\t\t\t\t\t\t\t\t<\/div>\n\t\t<\/div>\n\n\t<\/div>\n\n<\/div><div class=\"modula-item effect-pufrobo\" >\n\t<div class=\"modula-item-overlay\"><\/div>\n\n\t<div class=\"modula-item-content\">\n\n\t\t<a data-image-id=\"9427\" role=\"button\" data-elementor-open-lightbox=\"no\" tabindex=\"0\" rel=\"jtg-9417\" data-caption=\"\" aria-label=\"Open image in lightbox\" class=\"tile-inner modula-item-link\"><\/a><img loading=\"lazy\" decoding=\"async\" class=\"pic wp-image-9427\"  data-valign=\"middle\" data-halign=\"center\" alt=\"March\u00e9 de noel Wiesbaden\" data-full=\"https:\/\/voyageslointains.fr\/wp-content\/uploads\/2026\/04\/Marche-de-noel-Wiesbaden-6.jpg\" title=\"March\u00e9 de noel Wiesbaden 6\" crop=\"\" width=\"1920\" height=\"2560\" src=\"https:\/\/voyageslointains.fr\/wp-content\/uploads\/2026\/04\/Marche-de-noel-Wiesbaden-6.jpg\" data-src=\"https:\/\/voyageslointains.fr\/wp-content\/uploads\/2026\/04\/Marche-de-noel-Wiesbaden-6.jpg\" data-caption=\"\" srcset=\"https:\/\/voyageslointains.fr\/wp-content\/uploads\/2026\/04\/Marche-de-noel-Wiesbaden-6-scaled.jpg 1920w, https:\/\/voyageslointains.fr\/wp-content\/uploads\/2026\/04\/Marche-de-noel-Wiesbaden-6-225x300.jpg 225w, https:\/\/voyageslointains.fr\/wp-content\/uploads\/2026\/04\/Marche-de-noel-Wiesbaden-6-768x1024.jpg 768w, https:\/\/voyageslointains.fr\/wp-content\/uploads\/2026\/04\/Marche-de-noel-Wiesbaden-6-1152x1536.jpg 1152w, https:\/\/voyageslointains.fr\/wp-content\/uploads\/2026\/04\/Marche-de-noel-Wiesbaden-6-1536x2048.jpg 1536w\" sizes=\"(max-width: 1920px) 100vw, 1920px\" \/>\n\t\t<div class=\"figc no-description\">\n\t\t\t<div class=\"figc-inner\">\n\t\t\t\t\t\t\t\t\t\t\t\t\t\t\t<\/div>\n\t\t<\/div>\n\n\t<\/div>\n\n<\/div><div class=\"modula-item effect-pufrobo\" >\n\t<div class=\"modula-item-overlay\"><\/div>\n\n\t<div class=\"modula-item-content\">\n\n\t\t<a data-image-id=\"9428\" role=\"button\" data-elementor-open-lightbox=\"no\" tabindex=\"0\" rel=\"jtg-9417\" data-caption=\"\" aria-label=\"Open image in lightbox\" class=\"tile-inner modula-item-link\"><\/a><img loading=\"lazy\" decoding=\"async\" class=\"pic wp-image-9428\"  data-valign=\"middle\" data-halign=\"center\" alt=\"March\u00e9 de noel Wiesbaden\" data-full=\"https:\/\/voyageslointains.fr\/wp-content\/uploads\/2026\/04\/Marche-de-noel-Wiesbaden-7.jpg\" title=\"March\u00e9 de noel Wiesbaden 7\" crop=\"\" width=\"1920\" height=\"2560\" src=\"https:\/\/voyageslointains.fr\/wp-content\/uploads\/2026\/04\/Marche-de-noel-Wiesbaden-7.jpg\" data-src=\"https:\/\/voyageslointains.fr\/wp-content\/uploads\/2026\/04\/Marche-de-noel-Wiesbaden-7.jpg\" data-caption=\"\" srcset=\"https:\/\/voyageslointains.fr\/wp-content\/uploads\/2026\/04\/Marche-de-noel-Wiesbaden-7-scaled.jpg 1920w, https:\/\/voyageslointains.fr\/wp-content\/uploads\/2026\/04\/Marche-de-noel-Wiesbaden-7-225x300.jpg 225w, https:\/\/voyageslointains.fr\/wp-content\/uploads\/2026\/04\/Marche-de-noel-Wiesbaden-7-768x1024.jpg 768w, https:\/\/voyageslointains.fr\/wp-content\/uploads\/2026\/04\/Marche-de-noel-Wiesbaden-7-1152x1536.jpg 1152w, https:\/\/voyageslointains.fr\/wp-content\/uploads\/2026\/04\/Marche-de-noel-Wiesbaden-7-1536x2048.jpg 1536w\" sizes=\"(max-width: 1920px) 100vw, 1920px\" \/>\n\t\t<div class=\"figc no-description\">\n\t\t\t<div class=\"figc-inner\">\n\t\t\t\t\t\t\t\t\t\t\t\t\t\t\t<\/div>\n\t\t<\/div>\n\n\t<\/div>\n\n<\/div><div class=\"modula-item effect-pufrobo\" >\n\t<div class=\"modula-item-overlay\"><\/div>\n\n\t<div class=\"modula-item-content\">\n\n\t\t<a data-image-id=\"9429\" role=\"button\" data-elementor-open-lightbox=\"no\" tabindex=\"0\" rel=\"jtg-9417\" data-caption=\"\" aria-label=\"Open image in lightbox\" class=\"tile-inner modula-item-link\"><\/a><img loading=\"lazy\" decoding=\"async\" class=\"pic wp-image-9429\"  data-valign=\"middle\" data-halign=\"center\" alt=\"March\u00e9 de noel Wiesbaden\" data-full=\"https:\/\/voyageslointains.fr\/wp-content\/uploads\/2026\/04\/Marche-de-noel-Wiesbaden-8.jpg\" title=\"March\u00e9 de noel Wiesbaden 8\" crop=\"\" width=\"1920\" height=\"2560\" src=\"https:\/\/voyageslointains.fr\/wp-content\/uploads\/2026\/04\/Marche-de-noel-Wiesbaden-8.jpg\" data-src=\"https:\/\/voyageslointains.fr\/wp-content\/uploads\/2026\/04\/Marche-de-noel-Wiesbaden-8.jpg\" data-caption=\"\" srcset=\"https:\/\/voyageslointains.fr\/wp-content\/uploads\/2026\/04\/Marche-de-noel-Wiesbaden-8-scaled.jpg 1920w, https:\/\/voyageslointains.fr\/wp-content\/uploads\/2026\/04\/Marche-de-noel-Wiesbaden-8-225x300.jpg 225w, https:\/\/voyageslointains.fr\/wp-content\/uploads\/2026\/04\/Marche-de-noel-Wiesbaden-8-768x1024.jpg 768w, https:\/\/voyageslointains.fr\/wp-content\/uploads\/2026\/04\/Marche-de-noel-Wiesbaden-8-1152x1536.jpg 1152w, https:\/\/voyageslointains.fr\/wp-content\/uploads\/2026\/04\/Marche-de-noel-Wiesbaden-8-1536x2048.jpg 1536w\" sizes=\"(max-width: 1920px) 100vw, 1920px\" \/>\n\t\t<div class=\"figc no-description\">\n\t\t\t<div class=\"figc-inner\">\n\t\t\t\t\t\t\t\t\t\t\t\t\t\t\t<\/div>\n\t\t<\/div>\n\n\t<\/div>\n\n<\/div>\t\t\n\t<\/div>\n\n\t\n\t\n\t<script type=\"application\/ld+json\">\n\t{\n\t\t\"@context\": \"http:\/\/schema.org\",\n\t\t\"@type\"   : \"ImageGallery\",\n\t\t\"id\"      : \"https:\/\/voyageslointains.fr\/?p=9369\/\",\n\t\t\"url\"     : \"https:\/\/voyageslointains.fr\/?p=9369\/\"\n\t}\n\n\t<\/script>\n\n\t\n<\/div>\n\n\n\n<p class=\"has-text-align-center\">Ce matin, nous prenons notre temps. Apr\u00e8s un petit-d\u00e9jeuner chez Dunkin\u2019 Donuts, nous profitons de nos derni\u00e8res heures dans le centre commer\u00e7ant, entre la rue des boutiques chics Goethestra\u00dfe et les stands du march\u00e9. Les rues \u00e9tant moins bond\u00e9es, nous en profitons pour red\u00e9couvrir les ruelles du quartier Altstadt.<\/p>\n\n\n\n<p class=\"has-text-align-center\">Apr\u00e8s un d\u00e9jeuner rapide, il est maintenant temps de rejoindre l\u2019a\u00e9roport. Ce week-end nous a vraiment d\u00e9pays\u00e9s et nous sommes d\u00e9sormais pr\u00eats pour les vacances de No\u00ebl qui approchent !<\/p>\n\n\n\n<h2 class=\"wp-block-heading has-ast-global-color-0-color has-text-color has-link-color wp-elements-57e03f2dbfa5c7ee183ea096923226cf\">Quelques informations utiles :<\/h2>\n\n\n\n<ul class=\"wp-block-list\">\n<li>Scandic Frankfurt museumsufer : hotel moderne. Si vous avez la chance d\u2019\u00eatre dans les \u00e9tages \u00e9lev\u00e9s, la vue est bien d\u00e9gag\u00e9e. Il est situ\u00e9 \u00e0 10 min du centre et 10 min de la gare. Chambres spacieuses et confortables.<\/li>\n\n\n\n<li>Sorihashiya : restaurant de ramen japonais. Tr\u00e8s bonne adresse mais il vaut mieux r\u00e9server, la salle est petite.<\/li>\n\n\n\n<li>Apfelweingastsatte Klaane Sachsehauser : auberge de vin de pomme tr\u00e8s sympathique et r\u00e9servable en ligne. Prix tr\u00e8s abordable.<\/li>\n<\/ul>\n\n\n\n<p><\/p>\n","protected":false},"excerpt":{"rendered":"<p>Mon escapade hivernale \u00e0 Francfort, Mayence et Wiesbaden : la magie des march\u00e9s de No\u00ebl D\u00e9cembre 2025 Francfort est une grande ville d\u2019Allemagne que j\u2019ai rapidement parcourue lors de voyages professionnels. Nous d\u00e9cidons donc d\u2019aller l\u2019explorer pendant la p\u00e9riode des march\u00e9s de No\u00ebl, qui lui donne un charme tout particulier. Non loin se trouvent aussi [&hellip;]<\/p>\n","protected":false},"author":1,"featured_media":0,"comment_status":"open","ping_status":"open","sticky":false,"template":"","format":"standard","meta":{"om_disable_all_campaigns":false,"site-sidebar-layout":"default","site-content-layout":"","ast-site-content-layout":"default","site-content-style":"default","site-sidebar-style":"default","ast-global-header-display":"","ast-banner-title-visibility":"","ast-main-header-display":"","ast-hfb-above-header-display":"","ast-hfb-below-header-display":"","ast-hfb-mobile-header-display":"","site-post-title":"","ast-breadcrumbs-content":"","ast-featured-img":"","footer-sml-layout":"","ast-disable-related-posts":"","theme-transparent-header-meta":"","adv-header-id-meta":"","stick-header-meta":"","header-above-stick-meta":"","header-main-stick-meta":"","header-below-stick-meta":"","astra-migrate-meta-layouts":"set","ast-page-background-enabled":"default","ast-page-background-meta":{"desktop":{"background-color":"","background-image":"","background-repeat":"repeat","background-position":"center center","background-size":"auto","background-attachment":"scroll","background-type":"","background-media":"","overlay-type":"","overlay-color":"","overlay-opacity":"","overlay-gradient":""},"tablet":{"background-color":"","background-image":"","background-repeat":"repeat","background-position":"center center","background-size":"auto","background-attachment":"scroll","background-type":"","background-media":"","overlay-type":"","overlay-color":"","overlay-opacity":"","overlay-gradient":""},"mobile":{"background-color":"","background-image":"","background-repeat":"repeat","background-position":"center center","background-size":"auto","background-attachment":"scroll","background-type":"","background-media":"","overlay-type":"","overlay-color":"","overlay-opacity":"","overlay-gradient":""}},"ast-content-background-meta":{"desktop":{"background-color":"var(--ast-global-color-5)","background-image":"","background-repeat":"repeat","background-position":"center center","background-size":"auto","background-attachment":"scroll","background-type":"","background-media":"","overlay-type":"","overlay-color":"","overlay-opacity":"","overlay-gradient":""},"tablet":{"background-color":"var(--ast-global-color-5)","background-image":"","background-repeat":"repeat","background-position":"center center","background-size":"auto","background-attachment":"scroll","background-type":"","background-media":"","overlay-type":"","overlay-color":"","overlay-opacity":"","overlay-gradient":""},"mobile":{"background-color":"var(--ast-global-color-5)","background-image":"","background-repeat":"repeat","background-position":"center center","background-size":"auto","background-attachment":"scroll","background-type":"","background-media":"","overlay-type":"","overlay-color":"","overlay-opacity":"","overlay-gradient":""}},"footnotes":""},"categories":[1],"tags":[],"class_list":["post-9369","post","type-post","status-publish","format-standard","hentry","category-uncategorized"],"aioseo_notices":[],"yoast_head":"<!-- This site is optimized with the Yoast SEO plugin v27.5 - https:\/\/yoast.com\/product\/yoast-seo-wordpress\/ -->\n<title>VoyageFrancfort, Mayence, Wiesbaden - voyageslointains.fr<\/title>\n<meta name=\"robots\" content=\"index, follow, max-snippet:-1, max-image-preview:large, max-video-preview:-1\" \/>\n<link rel=\"canonical\" href=\"https:\/\/voyageslointains.fr\/?p=9369\" \/>\n<meta property=\"og:locale\" content=\"fr_FR\" \/>\n<meta property=\"og:type\" content=\"article\" \/>\n<meta property=\"og:title\" content=\"VoyageFrancfort, Mayence, Wiesbaden - voyageslointains.fr\" \/>\n<meta property=\"og:description\" content=\"Mon escapade hivernale \u00e0 Francfort, Mayence et Wiesbaden : la magie des march\u00e9s de No\u00ebl D\u00e9cembre 2025 Francfort est une grande ville d\u2019Allemagne que j\u2019ai rapidement parcourue lors de voyages professionnels. Nous d\u00e9cidons donc d\u2019aller l\u2019explorer pendant la p\u00e9riode des march\u00e9s de No\u00ebl, qui lui donne un charme tout particulier. Non loin se trouvent aussi [&hellip;]\" \/>\n<meta property=\"og:url\" content=\"https:\/\/voyageslointains.fr\/?p=9369\" \/>\n<meta property=\"og:site_name\" content=\"voyageslointains.fr\" \/>\n<meta property=\"article:publisher\" content=\"https:\/\/www.facebook.com\/people\/Voyageslointains\/100086753413367\/\" \/>\n<meta property=\"article:published_time\" content=\"2025-12-15T14:41:42+00:00\" \/>\n<meta property=\"article:modified_time\" content=\"2026-04-30T15:01:57+00:00\" \/>\n<meta property=\"og:image\" content=\"https:\/\/voyageslointains.fr\/wp-content\/uploads\/2025\/12\/Marche-de-noel-Francfort.png\" \/>\n\t<meta property=\"og:image:width\" content=\"1536\" \/>\n\t<meta property=\"og:image:height\" content=\"1024\" \/>\n\t<meta property=\"og:image:type\" content=\"image\/png\" \/>\n<meta name=\"author\" content=\"Aude B.L.\" \/>\n<meta name=\"twitter:card\" content=\"summary_large_image\" \/>\n<meta name=\"twitter:label1\" content=\"\u00c9crit par\" \/>\n\t<meta name=\"twitter:data1\" content=\"Aude B.L.\" \/>\n\t<meta name=\"twitter:label2\" content=\"Dur\u00e9e de lecture estim\u00e9e\" \/>\n\t<meta name=\"twitter:data2\" content=\"5 minutes\" \/>\n<script type=\"application\/ld+json\" class=\"yoast-schema-graph\">{\"@context\":\"https:\\\/\\\/schema.org\",\"@graph\":[{\"@type\":\"Article\",\"@id\":\"https:\\\/\\\/voyageslointains.fr\\\/?p=9369#article\",\"isPartOf\":{\"@id\":\"https:\\\/\\\/voyageslointains.fr\\\/?p=9369\"},\"author\":{\"name\":\"Aude B.L.\",\"@id\":\"https:\\\/\\\/voyageslointains.fr\\\/#\\\/schema\\\/person\\\/dd2758bffbe1351fbe6dfa615f14b40b\"},\"headline\":\"Francfort, Mayence, Wiesbaden\",\"datePublished\":\"2025-12-15T14:41:42+00:00\",\"dateModified\":\"2026-04-30T15:01:57+00:00\",\"mainEntityOfPage\":{\"@id\":\"https:\\\/\\\/voyageslointains.fr\\\/?p=9369\"},\"wordCount\":906,\"commentCount\":0,\"publisher\":{\"@id\":\"https:\\\/\\\/voyageslointains.fr\\\/#organization\"},\"image\":{\"@id\":\"https:\\\/\\\/voyageslointains.fr\\\/?p=9369#primaryimage\"},\"thumbnailUrl\":\"https:\\\/\\\/voyageslointains.fr\\\/wp-content\\\/uploads\\\/2025\\\/12\\\/Marche-de-noel-Francfort-1024x683.png\",\"articleSection\":[\"Uncategorized\"],\"inLanguage\":\"fr-FR\",\"potentialAction\":[{\"@type\":\"CommentAction\",\"name\":\"Comment\",\"target\":[\"https:\\\/\\\/voyageslointains.fr\\\/?p=9369#respond\"]}]},{\"@type\":\"WebPage\",\"@id\":\"https:\\\/\\\/voyageslointains.fr\\\/?p=9369\",\"url\":\"https:\\\/\\\/voyageslointains.fr\\\/?p=9369\",\"name\":\"VoyageFrancfort, Mayence, Wiesbaden - voyageslointains.fr\",\"isPartOf\":{\"@id\":\"https:\\\/\\\/voyageslointains.fr\\\/#website\"},\"primaryImageOfPage\":{\"@id\":\"https:\\\/\\\/voyageslointains.fr\\\/?p=9369#primaryimage\"},\"image\":{\"@id\":\"https:\\\/\\\/voyageslointains.fr\\\/?p=9369#primaryimage\"},\"thumbnailUrl\":\"https:\\\/\\\/voyageslointains.fr\\\/wp-content\\\/uploads\\\/2025\\\/12\\\/Marche-de-noel-Francfort-1024x683.png\",\"datePublished\":\"2025-12-15T14:41:42+00:00\",\"dateModified\":\"2026-04-30T15:01:57+00:00\",\"breadcrumb\":{\"@id\":\"https:\\\/\\\/voyageslointains.fr\\\/?p=9369#breadcrumb\"},\"inLanguage\":\"fr-FR\",\"potentialAction\":[{\"@type\":\"ReadAction\",\"target\":[\"https:\\\/\\\/voyageslointains.fr\\\/?p=9369\"]}]},{\"@type\":\"ImageObject\",\"inLanguage\":\"fr-FR\",\"@id\":\"https:\\\/\\\/voyageslointains.fr\\\/?p=9369#primaryimage\",\"url\":\"https:\\\/\\\/voyageslointains.fr\\\/wp-content\\\/uploads\\\/2025\\\/12\\\/Marche-de-noel-Francfort.png\",\"contentUrl\":\"https:\\\/\\\/voyageslointains.fr\\\/wp-content\\\/uploads\\\/2025\\\/12\\\/Marche-de-noel-Francfort.png\",\"width\":1536,\"height\":1024},{\"@type\":\"BreadcrumbList\",\"@id\":\"https:\\\/\\\/voyageslointains.fr\\\/?p=9369#breadcrumb\",\"itemListElement\":[{\"@type\":\"ListItem\",\"position\":1,\"name\":\"Accueil\",\"item\":\"https:\\\/\\\/voyageslointains.fr\\\/\"},{\"@type\":\"ListItem\",\"position\":2,\"name\":\"Francfort, Mayence, Wiesbaden\"}]},{\"@type\":\"WebSite\",\"@id\":\"https:\\\/\\\/voyageslointains.fr\\\/#website\",\"url\":\"https:\\\/\\\/voyageslointains.fr\\\/\",\"name\":\"voyageslointains.fr\",\"description\":\"Suivez nos aventures \u00e0 travers le monde sur voyages lointains\",\"publisher\":{\"@id\":\"https:\\\/\\\/voyageslointains.fr\\\/#organization\"},\"potentialAction\":[{\"@type\":\"SearchAction\",\"target\":{\"@type\":\"EntryPoint\",\"urlTemplate\":\"https:\\\/\\\/voyageslointains.fr\\\/?s={search_term_string}\"},\"query-input\":{\"@type\":\"PropertyValueSpecification\",\"valueRequired\":true,\"valueName\":\"search_term_string\"}}],\"inLanguage\":\"fr-FR\"},{\"@type\":\"Organization\",\"@id\":\"https:\\\/\\\/voyageslointains.fr\\\/#organization\",\"name\":\"Voyages Lointains\",\"url\":\"https:\\\/\\\/voyageslointains.fr\\\/\",\"logo\":{\"@type\":\"ImageObject\",\"inLanguage\":\"fr-FR\",\"@id\":\"https:\\\/\\\/voyageslointains.fr\\\/#\\\/schema\\\/logo\\\/image\\\/\",\"url\":\"https:\\\/\\\/voyageslointains.fr\\\/wp-content\\\/uploads\\\/2025\\\/08\\\/jpeg-5.png\",\"contentUrl\":\"https:\\\/\\\/voyageslointains.fr\\\/wp-content\\\/uploads\\\/2025\\\/08\\\/jpeg-5.png\",\"width\":1536,\"height\":1024,\"caption\":\"Voyages Lointains\"},\"image\":{\"@id\":\"https:\\\/\\\/voyageslointains.fr\\\/#\\\/schema\\\/logo\\\/image\\\/\"},\"sameAs\":[\"https:\\\/\\\/www.facebook.com\\\/people\\\/Voyageslointains\\\/100086753413367\\\/\",\"https:\\\/\\\/www.instagram.com\\\/voyageslointains.fr\\\/\",\"https:\\\/\\\/www.tiktok.com\\\/@voyageslointains4\",\"https:\\\/\\\/www.youtube.com\\\/channel\\\/UC-77n85-YEEsUetdhGro8Bg\"]},{\"@type\":\"Person\",\"@id\":\"https:\\\/\\\/voyageslointains.fr\\\/#\\\/schema\\\/person\\\/dd2758bffbe1351fbe6dfa615f14b40b\",\"name\":\"Aude B.L.\",\"image\":{\"@type\":\"ImageObject\",\"inLanguage\":\"fr-FR\",\"@id\":\"https:\\\/\\\/secure.gravatar.com\\\/avatar\\\/86f7b2426795d0fcfbacdb42e1b9736243bb4d400e15fb6f68fab5ad9a769078?s=96&d=mm&r=g\",\"url\":\"https:\\\/\\\/secure.gravatar.com\\\/avatar\\\/86f7b2426795d0fcfbacdb42e1b9736243bb4d400e15fb6f68fab5ad9a769078?s=96&d=mm&r=g\",\"contentUrl\":\"https:\\\/\\\/secure.gravatar.com\\\/avatar\\\/86f7b2426795d0fcfbacdb42e1b9736243bb4d400e15fb6f68fab5ad9a769078?s=96&d=mm&r=g\",\"caption\":\"Aude B.L.\"},\"sameAs\":[\"http:\\\/\\\/voyageslointains.fr\"],\"url\":\"https:\\\/\\\/voyageslointains.fr\\\/?author=1\"}]}<\/script>\n<!-- \/ Yoast SEO plugin. -->","yoast_head_json":{"title":"VoyageFrancfort, Mayence, Wiesbaden - voyageslointains.fr","robots":{"index":"index","follow":"follow","max-snippet":"max-snippet:-1","max-image-preview":"max-image-preview:large","max-video-preview":"max-video-preview:-1"},"canonical":"https:\/\/voyageslointains.fr\/?p=9369","og_locale":"fr_FR","og_type":"article","og_title":"VoyageFrancfort, Mayence, Wiesbaden - voyageslointains.fr","og_description":"Mon escapade hivernale \u00e0 Francfort, Mayence et Wiesbaden : la magie des march\u00e9s de No\u00ebl D\u00e9cembre 2025 Francfort est une grande ville d\u2019Allemagne que j\u2019ai rapidement parcourue lors de voyages professionnels. Nous d\u00e9cidons donc d\u2019aller l\u2019explorer pendant la p\u00e9riode des march\u00e9s de No\u00ebl, qui lui donne un charme tout particulier. Non loin se trouvent aussi [&hellip;]","og_url":"https:\/\/voyageslointains.fr\/?p=9369","og_site_name":"voyageslointains.fr","article_publisher":"https:\/\/www.facebook.com\/people\/Voyageslointains\/100086753413367\/","article_published_time":"2025-12-15T14:41:42+00:00","article_modified_time":"2026-04-30T15:01:57+00:00","og_image":[{"width":1536,"height":1024,"url":"https:\/\/voyageslointains.fr\/wp-content\/uploads\/2025\/12\/Marche-de-noel-Francfort.png","type":"image\/png"}],"author":"Aude B.L.","twitter_card":"summary_large_image","twitter_misc":{"\u00c9crit par":"Aude B.L.","Dur\u00e9e de lecture estim\u00e9e":"5 minutes"},"schema":{"@context":"https:\/\/schema.org","@graph":[{"@type":"Article","@id":"https:\/\/voyageslointains.fr\/?p=9369#article","isPartOf":{"@id":"https:\/\/voyageslointains.fr\/?p=9369"},"author":{"name":"Aude B.L.","@id":"https:\/\/voyageslointains.fr\/#\/schema\/person\/dd2758bffbe1351fbe6dfa615f14b40b"},"headline":"Francfort, Mayence, Wiesbaden","datePublished":"2025-12-15T14:41:42+00:00","dateModified":"2026-04-30T15:01:57+00:00","mainEntityOfPage":{"@id":"https:\/\/voyageslointains.fr\/?p=9369"},"wordCount":906,"commentCount":0,"publisher":{"@id":"https:\/\/voyageslointains.fr\/#organization"},"image":{"@id":"https:\/\/voyageslointains.fr\/?p=9369#primaryimage"},"thumbnailUrl":"https:\/\/voyageslointains.fr\/wp-content\/uploads\/2025\/12\/Marche-de-noel-Francfort-1024x683.png","articleSection":["Uncategorized"],"inLanguage":"fr-FR","potentialAction":[{"@type":"CommentAction","name":"Comment","target":["https:\/\/voyageslointains.fr\/?p=9369#respond"]}]},{"@type":"WebPage","@id":"https:\/\/voyageslointains.fr\/?p=9369","url":"https:\/\/voyageslointains.fr\/?p=9369","name":"VoyageFrancfort, Mayence, Wiesbaden - voyageslointains.fr","isPartOf":{"@id":"https:\/\/voyageslointains.fr\/#website"},"primaryImageOfPage":{"@id":"https:\/\/voyageslointains.fr\/?p=9369#primaryimage"},"image":{"@id":"https:\/\/voyageslointains.fr\/?p=9369#primaryimage"},"thumbnailUrl":"https:\/\/voyageslointains.fr\/wp-content\/uploads\/2025\/12\/Marche-de-noel-Francfort-1024x683.png","datePublished":"2025-12-15T14:41:42+00:00","dateModified":"2026-04-30T15:01:57+00:00","breadcrumb":{"@id":"https:\/\/voyageslointains.fr\/?p=9369#breadcrumb"},"inLanguage":"fr-FR","potentialAction":[{"@type":"ReadAction","target":["https:\/\/voyageslointains.fr\/?p=9369"]}]},{"@type":"ImageObject","inLanguage":"fr-FR","@id":"https:\/\/voyageslointains.fr\/?p=9369#primaryimage","url":"https:\/\/voyageslointains.fr\/wp-content\/uploads\/2025\/12\/Marche-de-noel-Francfort.png","contentUrl":"https:\/\/voyageslointains.fr\/wp-content\/uploads\/2025\/12\/Marche-de-noel-Francfort.png","width":1536,"height":1024},{"@type":"BreadcrumbList","@id":"https:\/\/voyageslointains.fr\/?p=9369#breadcrumb","itemListElement":[{"@type":"ListItem","position":1,"name":"Accueil","item":"https:\/\/voyageslointains.fr\/"},{"@type":"ListItem","position":2,"name":"Francfort, Mayence, Wiesbaden"}]},{"@type":"WebSite","@id":"https:\/\/voyageslointains.fr\/#website","url":"https:\/\/voyageslointains.fr\/","name":"voyageslointains.fr","description":"Suivez nos aventures \u00e0 travers le monde sur voyages lointains","publisher":{"@id":"https:\/\/voyageslointains.fr\/#organization"},"potentialAction":[{"@type":"SearchAction","target":{"@type":"EntryPoint","urlTemplate":"https:\/\/voyageslointains.fr\/?s={search_term_string}"},"query-input":{"@type":"PropertyValueSpecification","valueRequired":true,"valueName":"search_term_string"}}],"inLanguage":"fr-FR"},{"@type":"Organization","@id":"https:\/\/voyageslointains.fr\/#organization","name":"Voyages Lointains","url":"https:\/\/voyageslointains.fr\/","logo":{"@type":"ImageObject","inLanguage":"fr-FR","@id":"https:\/\/voyageslointains.fr\/#\/schema\/logo\/image\/","url":"https:\/\/voyageslointains.fr\/wp-content\/uploads\/2025\/08\/jpeg-5.png","contentUrl":"https:\/\/voyageslointains.fr\/wp-content\/uploads\/2025\/08\/jpeg-5.png","width":1536,"height":1024,"caption":"Voyages Lointains"},"image":{"@id":"https:\/\/voyageslointains.fr\/#\/schema\/logo\/image\/"},"sameAs":["https:\/\/www.facebook.com\/people\/Voyageslointains\/100086753413367\/","https:\/\/www.instagram.com\/voyageslointains.fr\/","https:\/\/www.tiktok.com\/@voyageslointains4","https:\/\/www.youtube.com\/channel\/UC-77n85-YEEsUetdhGro8Bg"]},{"@type":"Person","@id":"https:\/\/voyageslointains.fr\/#\/schema\/person\/dd2758bffbe1351fbe6dfa615f14b40b","name":"Aude B.L.","image":{"@type":"ImageObject","inLanguage":"fr-FR","@id":"https:\/\/secure.gravatar.com\/avatar\/86f7b2426795d0fcfbacdb42e1b9736243bb4d400e15fb6f68fab5ad9a769078?s=96&d=mm&r=g","url":"https:\/\/secure.gravatar.com\/avatar\/86f7b2426795d0fcfbacdb42e1b9736243bb4d400e15fb6f68fab5ad9a769078?s=96&d=mm&r=g","contentUrl":"https:\/\/secure.gravatar.com\/avatar\/86f7b2426795d0fcfbacdb42e1b9736243bb4d400e15fb6f68fab5ad9a769078?s=96&d=mm&r=g","caption":"Aude B.L."},"sameAs":["http:\/\/voyageslointains.fr"],"url":"https:\/\/voyageslointains.fr\/?author=1"}]}},"_links":{"self":[{"href":"https:\/\/voyageslointains.fr\/index.php?rest_route=\/wp\/v2\/posts\/9369","targetHints":{"allow":["GET"]}}],"collection":[{"href":"https:\/\/voyageslointains.fr\/index.php?rest_route=\/wp\/v2\/posts"}],"about":[{"href":"https:\/\/voyageslointains.fr\/index.php?rest_route=\/wp\/v2\/types\/post"}],"author":[{"embeddable":true,"href":"https:\/\/voyageslointains.fr\/index.php?rest_route=\/wp\/v2\/users\/1"}],"replies":[{"embeddable":true,"href":"https:\/\/voyageslointains.fr\/index.php?rest_route=%2Fwp%2Fv2%2Fcomments&post=9369"}],"version-history":[{"count":10,"href":"https:\/\/voyageslointains.fr\/index.php?rest_route=\/wp\/v2\/posts\/9369\/revisions"}],"predecessor-version":[{"id":9434,"href":"https:\/\/voyageslointains.fr\/index.php?rest_route=\/wp\/v2\/posts\/9369\/revisions\/9434"}],"wp:attachment":[{"href":"https:\/\/voyageslointains.fr\/index.php?rest_route=%2Fwp%2Fv2%2Fmedia&parent=9369"}],"wp:term":[{"taxonomy":"category","embeddable":true,"href":"https:\/\/voyageslointains.fr\/index.php?rest_route=%2Fwp%2Fv2%2Fcategories&post=9369"},{"taxonomy":"post_tag","embeddable":true,"href":"https:\/\/voyageslointains.fr\/index.php?rest_route=%2Fwp%2Fv2%2Ftags&post=9369"}],"curies":[{"name":"wp","href":"https:\/\/api.w.org\/{rel}","templated":true}]}}